{"id":7922,"date":"2017-12-26T15:07:00","date_gmt":"2017-12-26T15:07:00","guid":{"rendered":"http:\/\/blogs.scba.gov.ar\/camaraciviltrenquelauquen\/?p=7922"},"modified":"2017-12-26T15:07:00","modified_gmt":"2017-12-26T15:07:00","slug":"fecha-de-acuerdo-22-12-2017-2","status":"publish","type":"post","link":"https:\/\/blogs.scba.gov.ar\/camaraciviltrenquelauquen\/2017\/12\/26\/fecha-de-acuerdo-22-12-2017-2\/","title":{"rendered":"Fecha de acuerdo: 22-12-2017"},"content":{"rendered":"<p>C\u00e1mara de Apelaci\u00f3n Civil y Comercial Trenque Lauquen\u00a0\u00a0\u00a0\u00a0\u00a0\u00a0\u00a0\u00a0\u00a0\u00a0\u00a0\u00a0\u00a0\u00a0 <span style=\"text-decoration: underline\">\u00a0\u00a0\u00a0\u00a0\u00a0\u00a0\u00a0\u00a0\u00a0\u00a0\u00a0\u00a0\u00a0\u00a0\u00a0\u00a0\u00a0\u00a0\u00a0 \u00a0\u00a0\u00a0\u00a0\u00a0\u00a0\u00a0\u00a0\u00a0\u00a0\u00a0\u00a0\u00a0\u00a0\u00a0\u00a0\u00a0\u00a0\u00a0\u00a0\u00a0\u00a0\u00a0\u00a0\u00a0\u00a0\u00a0\u00a0\u00a0\u00a0\u00a0\u00a0\u00a0\u00a0\u00a0\u00a0\u00a0\u00a0\u00a0\u00a0\u00a0\u00a0\u00a0\u00a0\u00a0\u00a0\u00a0\u00a0 <\/span><\/p>\n<p>Juzgado de origen: Juzgado Civil y Comercial 2<\/p>\n<p><span style=\"text-decoration: underline\">\u00a0\u00a0\u00a0\u00a0\u00a0\u00a0\u00a0\u00a0\u00a0\u00a0\u00a0\u00a0\u00a0\u00a0\u00a0\u00a0\u00a0\u00a0\u00a0\u00a0\u00a0\u00a0\u00a0\u00a0\u00a0\u00a0\u00a0\u00a0\u00a0\u00a0\u00a0\u00a0\u00a0\u00a0\u00a0\u00a0\u00a0\u00a0\u00a0\u00a0\u00a0\u00a0\u00a0\u00a0\u00a0\u00a0\u00a0\u00a0\u00a0\u00a0\u00a0\u00a0\u00a0\u00a0\u00a0\u00a0\u00a0\u00a0\u00a0\u00a0\u00a0\u00a0\u00a0\u00a0\u00a0\u00a0\u00a0\u00a0 <\/span><\/p>\n<p><span style=\"text-decoration: underline\">Libro:<\/span> <strong>48<\/strong>&#8211; \/ <span style=\"text-decoration: underline\">Registro:<\/span> 440<\/p>\n<p><span style=\"text-decoration: underline\">\u00a0\u00a0\u00a0\u00a0\u00a0\u00a0\u00a0\u00a0\u00a0\u00a0\u00a0\u00a0\u00a0\u00a0\u00a0\u00a0\u00a0\u00a0\u00a0\u00a0\u00a0\u00a0\u00a0\u00a0\u00a0\u00a0\u00a0\u00a0\u00a0\u00a0\u00a0\u00a0\u00a0\u00a0\u00a0\u00a0\u00a0\u00a0\u00a0\u00a0\u00a0\u00a0\u00a0\u00a0\u00a0\u00a0\u00a0\u00a0\u00a0\u00a0\u00a0\u00a0\u00a0\u00a0\u00a0\u00a0\u00a0\u00a0\u00a0\u00a0\u00a0\u00a0\u00a0\u00a0\u00a0\u00a0\u00a0\u00a0 <\/span><\/p>\n<p><span style=\"text-decoration: underline\">Autos:<\/span><strong> &#8220;AGESILAO SARA JOSEFA\u00a0 C\/ AGESILAO HECTOR ROGELIO S\/ COBRO EJECUTIVO DE ALQUILERES&#8221;<\/strong><\/p>\n<p><span style=\"text-decoration: underline\">Expte.:<\/span><strong> -90560-<\/strong><\/p>\n<p><span style=\"text-decoration: underline\">\u00a0\u00a0\u00a0\u00a0\u00a0\u00a0\u00a0\u00a0\u00a0\u00a0\u00a0\u00a0\u00a0\u00a0\u00a0\u00a0\u00a0\u00a0\u00a0\u00a0\u00a0\u00a0\u00a0\u00a0\u00a0\u00a0\u00a0\u00a0\u00a0\u00a0\u00a0\u00a0\u00a0\u00a0\u00a0\u00a0\u00a0\u00a0\u00a0\u00a0\u00a0\u00a0\u00a0\u00a0\u00a0\u00a0\u00a0\u00a0\u00a0\u00a0\u00a0\u00a0\u00a0\u00a0\u00a0\u00a0\u00a0\u00a0\u00a0\u00a0\u00a0\u00a0\u00a0\u00a0\u00a0\u00a0\u00a0\u00a0 <\/span>\u00a0\u00a0\u00a0\u00a0\u00a0\u00a0\u00a0\u00a0\u00a0<\/p>\n<p>En la ciudad de Trenque Lauquen, provincia\u00a0 de\u00a0 Buenos Aires,\u00a0 a\u00a0 los veintid\u00f3s\u00a0 d\u00edas del mes de diciembre de dos mil diecisiete, celebran Acuerdo\u00a0 extraordinario\u00a0 los jueces\u00a0 de la C\u00e1mara de Apelaci\u00f3n en lo Civil y Comercial, Carlos A. Lettieri, Silvia E. Scelzo y Toribio E. Sosa,\u00a0 para\u00a0 dictar\u00a0 sentencia\u00a0 en\u00a0 los autos <strong>&#8220;AGESILAO SARA JOSEFA\u00a0 C\/ AGESILAO HECTOR ROGELIO S\/ COBRO EJECUTIVO DE ALQUILERES&#8221;<\/strong> (expte. nro. <strong>-90560-<\/strong>), de acuerdo al orden\u00a0 de\u00a0 voto\u00a0 que surge\u00a0 del\u00a0 sorteo\u00a0 de f. 75, plante\u00e1ndose las siguientes cuestiones:<\/p>\n<p><strong><span style=\"text-decoration: underline\">PRIMERA<\/span><\/strong>: \u00bfes fundada la apelaci\u00f3n de f. 44 contra la resoluci\u00f3n de fs. 42\/43?.<\/p>\n<p><strong><span style=\"text-decoration: underline\">SEGUNDA<\/span><\/strong>: \u00bfqu\u00e9 pronunciamiento corresponde emitir?.<\/p>\n<p><strong><span style=\"text-decoration: underline\">A LA PRIMERA CUESTION EL JUEZ SOSA \u00a0\u00a0DIJO<\/span><\/strong>:<\/p>\n<p>\u00a0\u00a0\u00a0\u00a0\u00a0\u00a0\u00a0\u00a0\u00a0 En la resoluci\u00f3n de fs. 42\/43 se transcribe un voto que no hizo mayor\u00eda en &#8220;AGESILAO SARA JOSEFA\u00a0 C\/ AGESILAO HECTOR ROGELIO S\/DESALOJO (EXCEPTO POR FALTA DE PAGO)&#8221; (sent. del 18\/10\/2016 lib. 45 reg. 117): por\u00a0 mayor\u00eda\u00a0 tuvo acogida, en cambio,\u00a0 la tesis de la existencia de un contrato de locaci\u00f3n entre los comuneros del bien.<\/p>\n<p>\u00a0\u00a0\u00a0\u00a0\u00a0\u00a0\u00a0\u00a0\u00a0 Atento ese estado de cosas as\u00ed juzgado antes entre las mismas partes, no se ajusta a derecho la sentencia apelada al contradecirlo por error, debiendo, en cambio, considerarse preparada la v\u00eda ejecutiva y d\u00e1rsele curso (f. 40; art. 17Const.Nac.; arts. 1 y 2 CCyC;\u00a0 arts. 34.4, 523.2, 525 y concs. c\u00f3d. proc.).<\/p>\n<p>\u00a0\u00a0\u00a0\u00a0\u00a0\u00a0\u00a0\u00a0\u00a0 <strong><span style=\"text-decoration: underline\">VOTO QUE S\u00cd<\/span><\/strong>.<\/p>\n<p><strong><span style=\"text-decoration: underline\">A LA MISMA CUESTION \u00a0LA JUEZA SCELZO DIJO<\/span><\/strong>:<\/p>\n<p>\u00a0\u00a0\u00a0\u00a0\u00a0\u00a0\u00a0\u00a0\u00a0 Por cierto que hubo error en el sentenciante al tomar un voto minoritario dictado en otro juicio entre las mismas partes, para decidir denegar la ejecuci\u00f3n, por considerar que la demanda deb\u00eda encarrilarse dentro de un cobro de pesos aut\u00f3nomo, antes que en este ejecutivo.<\/p>\n<p>\u00a0\u00a0\u00a0\u00a0\u00a0\u00a0\u00a0\u00a0\u00a0 En aquel juicio, que la sentencia cita, el debate fue en torno al desalojo, mediando un contrato interpretado dentro del marco de una relaci\u00f3n de condominio.<\/p>\n<p>\u00a0\u00a0\u00a0\u00a0\u00a0\u00a0\u00a0\u00a0\u00a0 Ahora los efectos que pueda tener lo all\u00ed decidido en este proceso, no aparecen tan claramente definidos como para sostener el rechazo de la ejecuci\u00f3n al presente, en esta etapa preparatoria. Sin perjuicio, claro est\u00e1, de que se traten los dem\u00e1s aspectos que fueran oportunamente propuestos y que se encuentren involucrados, en la etapa apropiada (arts. 526 y 540 C\u00f3digo Procesal).<\/p>\n<p>\u00a0\u00a0\u00a0\u00a0\u00a0\u00a0\u00a0\u00a0\u00a0\u00a0\u00a0 Por ello, corresponde revocar la resoluci\u00f3n apelada en cuanto manda al actor a reclamar por otra v\u00eda, con los fundamentos que lo hizo, sin expedirse\u00a0 sobre los extremos de los art\u00edculos 518,\u00a0 primer p\u00e1rrafo, 523 inc. 1 y 525 del C\u00f3d. Proc.<\/p>\n<p>\u00a0\u00a0\u00a0\u00a0\u00a0\u00a0\u00a0\u00a0\u00a0 <strong><span style=\"text-decoration: underline\">ASI LO VOTO<\/span><\/strong>.<\/p>\n<p><strong><span style=\"text-decoration: underline\">A LA MISMA CUESTION EL JUEZ LETTIERI \u00a0DIJO<\/span><\/strong>:<\/p>\n<p>\u00a0\u00a0\u00a0\u00a0\u00a0\u00a0\u00a0\u00a0\u00a0 Que por compartir sus fundamentos adhiere al voto emitido en segundo t\u00e9rmino.<\/p>\n<p><strong><span style=\"text-decoration: underline\">A LA\u00a0 SEGUNDA\u00a0 CUESTION\u00a0 EL JUEZ SOSA DIJO<\/span><\/strong>:<\/p>\n<p>\u00a0\u00a0\u00a0\u00a0\u00a0\u00a0\u00a0\u00a0\u00a0 Corresponde, seg\u00fan mi voto, revocar \u00edntegramente la resoluci\u00f3n de fs. 42\/43.<\/p>\n<p><strong>\u00a0\u00a0\u00a0\u00a0\u00a0\u00a0\u00a0\u00a0\u00a0 <span style=\"text-decoration: underline\">TAL MI VOTO<\/span><\/strong>.<\/p>\n<p><strong><span style=\"text-decoration: underline\">A LA MISMA CUESTION LA JUEZA SCELZO\u00a0 DIJO<\/span><\/strong>:<\/p>\n<p>\u00a0\u00a0\u00a0\u00a0\u00a0\u00a0\u00a0\u00a0\u00a0 Corresponde, seg\u00fan mi voto, revocar la resoluci\u00f3n apelada en cuanto manda al actor a reclamar por otra v\u00eda con los fundamentos que lo hizo, sin expedirse\u00a0 sobre los extremos de los art\u00edculos 518,\u00a0 primer p\u00e1rrafo, 523 inc. 1 y 525 del C\u00f3d. Proc.<\/p>\n<p>\u00a0\u00a0\u00a0\u00a0\u00a0\u00a0\u00a0\u00a0\u00a0 <strong><span style=\"text-decoration: underline\">TAL MI VOTO<\/span><\/strong>.<\/p>\n<p><strong><span style=\"text-decoration: underline\">A LA MISMA CUESTION \u00a0EL JUEZ LETTIERI\u00a0 DIJO<\/span><\/strong>:<\/p>\n<p>\u00a0\u00a0\u00a0\u00a0\u00a0\u00a0\u00a0\u00a0\u00a0 Que adhiere al voto emitido en segundo t\u00e9rmino al ser votada esta cuesti\u00f3n.<\/p>\n<p>CON\u00a0 LO QUE TERMINO EL ACUERDO, DICTANDOSE LA SIGUIENTE:<\/p>\n<p><strong>\u00a0\u00a0\u00a0\u00a0\u00a0\u00a0\u00a0\u00a0\u00a0 <span style=\"text-decoration: underline\">S E N T E N C I A<\/span><\/strong><\/p>\n<p>\u00a0\u00a0\u00a0\u00a0\u00a0\u00a0\u00a0\u00a0\u00a0 Por\u00a0 lo que resulta del precedente Acuerdo, habi\u00e9ndose alcanzado las mayor\u00edas necesarias, la C\u00e1mara <strong><span style=\"text-decoration: underline\">RESUELVE<\/span><\/strong>:<\/p>\n<p>\u00a0\u00a0\u00a0\u00a0\u00a0\u00a0\u00a0\u00a0\u00a0 Revocar la resoluci\u00f3n apelada en cuanto manda al actor a reclamar por otra v\u00eda,\u00a0 con los fundamentos que lo hizo, sin expedirse\u00a0 sobre los extremos de los art\u00edculos 518,\u00a0 primer p\u00e1rrafo, 523 inc. 1 y 525 del C\u00f3d. Proc.<\/p>\n<p>\u00a0\u00a0\u00a0\u00a0\u00a0\u00a0\u00a0\u00a0\u00a0 Reg\u00edstrese.\u00a0 Notif\u00edquese\u00a0\u00a0 seg\u00fan\u00a0\u00a0 corresponda (arts. 133, 135 inc. 12 y 249 \u00falt. p\u00e1rr. CPCC). Hecho, devu\u00e9lvase.<\/p>\n","protected":false},"excerpt":{"rendered":"<p>C\u00e1mara de Apelaci\u00f3n Civil y Comercial Trenque Lauquen\u00a0\u00a0\u00a0\u00a0\u00a0\u00a0\u00a0\u00a0\u00a0\u00a0\u00a0\u00a0\u00a0\u00a0 \u00a0\u00a0\u00a0\u00a0\u00a0\u00a0\u00a0\u00a0\u00a0\u00a0\u00a0\u00a0\u00a0\u00a0\u00a0\u00a0\u00a0\u00a0\u00a0 \u00a0\u00a0\u00a0\u00a0\u00a0\u00a0\u00a0\u00a0\u00a0\u00a0\u00a0\u00a0\u00a0\u00a0\u00a0\u00a0\u00a0\u00a0\u00a0\u00a0\u00a0\u00a0\u00a0\u00a0\u00a0\u00a0\u00a0\u00a0\u00a0\u00a0\u00a0\u00a0\u00a0\u00a0\u00a0\u00a0\u00a0\u00a0\u00a0\u00a0\u00a0\u00a0\u00a0\u00a0\u00a0\u00a0\u00a0\u00a0 Juzgado de origen: Juzgado Civil y Comercial 2 \u00a0\u00a0\u00a0\u00a0\u00a0\u00a0\u00a0\u00a0\u00a0\u00a0\u00a0\u00a0\u00a0\u00a0\u00a0\u00a0\u00a0\u00a0\u00a0\u00a0\u00a0\u00a0\u00a0\u00a0\u00a0\u00a0\u00a0\u00a0\u00a0\u00a0\u00a0\u00a0\u00a0\u00a0\u00a0\u00a0\u00a0\u00a0\u00a0\u00a0\u00a0\u00a0\u00a0\u00a0\u00a0\u00a0\u00a0\u00a0\u00a0\u00a0\u00a0\u00a0\u00a0\u00a0\u00a0\u00a0\u00a0\u00a0\u00a0\u00a0\u00a0\u00a0\u00a0\u00a0\u00a0\u00a0\u00a0\u00a0 Libro: 48&#8211; \/ Registro: 440 \u00a0\u00a0\u00a0\u00a0\u00a0\u00a0\u00a0\u00a0\u00a0\u00a0\u00a0\u00a0\u00a0\u00a0\u00a0\u00a0\u00a0\u00a0\u00a0\u00a0\u00a0\u00a0\u00a0\u00a0\u00a0\u00a0\u00a0\u00a0\u00a0\u00a0\u00a0\u00a0\u00a0\u00a0\u00a0\u00a0\u00a0\u00a0\u00a0\u00a0\u00a0\u00a0\u00a0\u00a0\u00a0\u00a0\u00a0\u00a0\u00a0\u00a0\u00a0\u00a0\u00a0\u00a0\u00a0\u00a0\u00a0\u00a0\u00a0\u00a0\u00a0\u00a0\u00a0\u00a0\u00a0\u00a0\u00a0\u00a0 Autos: &#8220;AGESILAO SARA JOSEFA\u00a0 C\/ AGESILAO HECTOR ROGELIO S\/ COBRO EJECUTIVO DE ALQUILERES&#8221; Expte.: -90560- \u00a0\u00a0\u00a0\u00a0\u00a0\u00a0\u00a0\u00a0\u00a0\u00a0\u00a0\u00a0\u00a0\u00a0\u00a0\u00a0\u00a0\u00a0\u00a0\u00a0\u00a0\u00a0\u00a0\u00a0\u00a0\u00a0\u00a0\u00a0\u00a0\u00a0\u00a0\u00a0\u00a0\u00a0\u00a0\u00a0\u00a0\u00a0\u00a0\u00a0\u00a0\u00a0\u00a0\u00a0\u00a0\u00a0\u00a0\u00a0\u00a0\u00a0\u00a0\u00a0\u00a0\u00a0\u00a0\u00a0\u00a0\u00a0\u00a0\u00a0\u00a0\u00a0\u00a0\u00a0\u00a0\u00a0\u00a0\u00a0 \u00a0\u00a0\u00a0\u00a0\u00a0\u00a0\u00a0\u00a0\u00a0 En la ciudad de Trenque Lauquen, provincia\u00a0 de\u00a0 Buenos Aires,\u00a0 a\u00a0 los veintid\u00f3s\u00a0 [&hellip;]<\/p>\n","protected":false},"author":15,"featured_media":0,"comment_status":"closed","ping_status":"open","sticky":false,"template":"","format":"standard","meta":{"footnotes":""},"categories":[1],"tags":[],"class_list":["post-7922","post","type-post","status-publish","format-standard","hentry","category-sin-categoria"],"_links":{"self":[{"href":"https:\/\/blogs.scba.gov.ar\/camaraciviltrenquelauquen\/wp-json\/wp\/v2\/posts\/7922","targetHints":{"allow":["GET"]}}],"collection":[{"href":"https:\/\/blogs.scba.gov.ar\/camaraciviltrenquelauquen\/wp-json\/wp\/v2\/posts"}],"about":[{"href":"https:\/\/blogs.scba.gov.ar\/camaraciviltrenquelauquen\/wp-json\/wp\/v2\/types\/post"}],"author":[{"embeddable":true,"href":"https:\/\/blogs.scba.gov.ar\/camaraciviltrenquelauquen\/wp-json\/wp\/v2\/users\/15"}],"replies":[{"embeddable":true,"href":"https:\/\/blogs.scba.gov.ar\/camaraciviltrenquelauquen\/wp-json\/wp\/v2\/comments?post=7922"}],"version-history":[{"count":0,"href":"https:\/\/blogs.scba.gov.ar\/camaraciviltrenquelauquen\/wp-json\/wp\/v2\/posts\/7922\/revisions"}],"wp:attachment":[{"href":"https:\/\/blogs.scba.gov.ar\/camaraciviltrenquelauquen\/wp-json\/wp\/v2\/media?parent=7922"}],"wp:term":[{"taxonomy":"category","embeddable":true,"href":"https:\/\/blogs.scba.gov.ar\/camaraciviltrenquelauquen\/wp-json\/wp\/v2\/categories?post=7922"},{"taxonomy":"post_tag","embeddable":true,"href":"https:\/\/blogs.scba.gov.ar\/camaraciviltrenquelauquen\/wp-json\/wp\/v2\/tags?post=7922"}],"curies":[{"name":"wp","href":"https:\/\/api.w.org\/{rel}","templated":true}]}}