{"id":7653,"date":"2017-10-23T18:05:24","date_gmt":"2017-10-23T18:05:24","guid":{"rendered":"http:\/\/blogs.scba.gov.ar\/camaraciviltrenquelauquen\/?p=7653"},"modified":"2017-10-23T18:05:24","modified_gmt":"2017-10-23T18:05:24","slug":"fecha-del-acuerdo-11-10-2017","status":"publish","type":"post","link":"https:\/\/blogs.scba.gov.ar\/camaraciviltrenquelauquen\/2017\/10\/23\/fecha-del-acuerdo-11-10-2017\/","title":{"rendered":"Fecha del Acuerdo: 11-10-2017"},"content":{"rendered":"<p>C\u00e1mara de Apelaci\u00f3n Civil y Comercial Trenque Lauquen\u00a0\u00a0\u00a0\u00a0\u00a0\u00a0\u00a0\u00a0\u00a0\u00a0\u00a0\u00a0\u00a0\u00a0\u00a0\u00a0\u00a0 <span style=\"text-decoration: underline\">\u00a0\u00a0\u00a0\u00a0\u00a0\u00a0\u00a0\u00a0\u00a0\u00a0\u00a0\u00a0\u00a0\u00a0\u00a0\u00a0\u00a0\u00a0\u00a0\u00a0\u00a0\u00a0\u00a0\u00a0\u00a0\u00a0\u00a0\u00a0\u00a0\u00a0\u00a0\u00a0\u00a0\u00a0\u00a0\u00a0\u00a0\u00a0\u00a0\u00a0\u00a0\u00a0\u00a0\u00a0\u00a0\u00a0\u00a0\u00a0\u00a0\u00a0\u00a0\u00a0\u00a0\u00a0\u00a0\u00a0\u00a0\u00a0 \u00a0\u00a0\u00a0\u00a0\u00a0\u00a0\u00a0\u00a0\u00a0\u00a0\u00a0\u00a0\u00a0\u00a0\u00a0\u00a0\u00a0\u00a0\u00a0\u00a0\u00a0\u00a0\u00a0 <\/span><\/p>\n<p>Juzgado de origen: Juzgado Civil y Comercial 1<\/p>\n<p><span style=\"text-decoration: underline\">\u00a0\u00a0\u00a0\u00a0\u00a0\u00a0\u00a0\u00a0\u00a0\u00a0\u00a0\u00a0\u00a0\u00a0\u00a0\u00a0\u00a0\u00a0\u00a0\u00a0\u00a0\u00a0\u00a0\u00a0\u00a0\u00a0\u00a0\u00a0\u00a0\u00a0\u00a0\u00a0\u00a0\u00a0\u00a0\u00a0\u00a0\u00a0\u00a0\u00a0\u00a0\u00a0\u00a0\u00a0\u00a0\u00a0\u00a0\u00a0\u00a0\u00a0\u00a0\u00a0\u00a0\u00a0\u00a0\u00a0\u00a0\u00a0\u00a0\u00a0\u00a0\u00a0\u00a0\u00a0\u00a0\u00a0\u00a0\u00a0\u00a0\u00a0\u00a0\u00a0\u00a0\u00a0\u00a0\u00a0\u00a0\u00a0\u00a0\u00a0\u00a0 <\/span><\/p>\n<p><span style=\"text-decoration: underline\">Libro:<\/span> <strong>48<\/strong>&#8211; \/ <span style=\"text-decoration: underline\">Registro:<\/span> 324<\/p>\n<p><span style=\"text-decoration: underline\">\u00a0\u00a0\u00a0\u00a0\u00a0\u00a0\u00a0\u00a0\u00a0\u00a0\u00a0\u00a0\u00a0\u00a0\u00a0\u00a0\u00a0\u00a0\u00a0\u00a0\u00a0\u00a0\u00a0\u00a0\u00a0\u00a0\u00a0\u00a0\u00a0\u00a0\u00a0\u00a0\u00a0\u00a0\u00a0\u00a0\u00a0\u00a0\u00a0\u00a0\u00a0\u00a0\u00a0\u00a0\u00a0\u00a0\u00a0\u00a0\u00a0\u00a0\u00a0\u00a0\u00a0\u00a0\u00a0\u00a0\u00a0\u00a0\u00a0\u00a0\u00a0\u00a0\u00a0\u00a0\u00a0\u00a0\u00a0\u00a0\u00a0\u00a0\u00a0\u00a0\u00a0\u00a0\u00a0\u00a0\u00a0\u00a0\u00a0\u00a0\u00a0 <\/span><\/p>\n<p><span style=\"text-decoration: underline\">Autos:<\/span><strong> &#8220;SANCHEZ, LEONARDO OSCAR C\/SANCHEZ, ZULMA VIVIANA S\/ DESALOJO ( EXCEPTO POR FALTA DE PAGO )&#8221;<\/strong><\/p>\n<p><span style=\"text-decoration: underline\">Expte.:<\/span><strong> -90464-<\/strong><\/p>\n<p><span style=\"text-decoration: underline\">\u00a0\u00a0\u00a0\u00a0\u00a0\u00a0\u00a0\u00a0\u00a0\u00a0\u00a0\u00a0\u00a0\u00a0\u00a0\u00a0\u00a0\u00a0\u00a0\u00a0\u00a0\u00a0\u00a0\u00a0\u00a0\u00a0\u00a0\u00a0\u00a0\u00a0\u00a0\u00a0\u00a0\u00a0\u00a0\u00a0\u00a0\u00a0\u00a0\u00a0\u00a0\u00a0\u00a0\u00a0\u00a0\u00a0\u00a0\u00a0\u00a0\u00a0\u00a0\u00a0\u00a0\u00a0\u00a0\u00a0\u00a0\u00a0\u00a0\u00a0\u00a0\u00a0\u00a0\u00a0\u00a0\u00a0\u00a0\u00a0\u00a0\u00a0\u00a0\u00a0\u00a0\u00a0\u00a0\u00a0\u00a0\u00a0\u00a0\u00a0\u00a0 <\/span>\u00a0\u00a0\u00a0\u00a0\u00a0\u00a0\u00a0\u00a0\u00a0\u00a0\u00a0<\/p>\n<p>En la ciudad de Trenque Lauquen, provincia\u00a0 de\u00a0 Buenos Aires,\u00a0 a\u00a0 los once\u00a0 d\u00edas del mes de octubre de dos mil diecisiete, celebran Acuerdo\u00a0 ordinario\u00a0 los jueces\u00a0 de la C\u00e1mara de Apelaci\u00f3n en lo Civil y Comercial, Carlos A. Lettieri, Silvia E. Scelzo y Toribio E. Sosa,\u00a0 para\u00a0 dictar\u00a0 sentencia\u00a0 en\u00a0 los autos <strong>&#8220;SANCHEZ, LEONARDO OSCAR C\/SANCHEZ, ZULMA VIVIANA S\/ DESALOJO ( EXCEPTO POR FALTA DE PAGO )&#8221;<\/strong> (expte. nro. <strong>-90464-<\/strong>), de acuerdo al orden\u00a0 de\u00a0 voto\u00a0 que surge\u00a0 del\u00a0 sorteo\u00a0 de foja 402, plante\u00e1ndose las siguientes cuestiones:<\/p>\n<p><strong><span style=\"text-decoration: underline\">PRIMERA<\/span><\/strong>:\u00a0\u00a0 \u00bfdebe declararse la nulidad de lo actuado por el abogado Alanis a partir de fojas 392\/vta.?.<\/p>\n<p><strong><span style=\"text-decoration: underline\">SEGUNDA<\/span><\/strong>: \u00bfqu\u00e9 pronunciamiento corresponde emitir?.<\/p>\n<p><strong><span style=\"text-decoration: underline\">A LA PRIMERA CUESTION EL JUEZ LETTIERI DIJO<\/span><\/strong>:<\/p>\n<p>\u00a0\u00a0\u00a0\u00a0\u00a0\u00a0\u00a0\u00a0\u00a0\u00a0\u00a0 El plazo de sesenta d\u00edas que se concede al gestor para que presente los instrumentos que acreditan su personer\u00eda, o en su defecto, se ratifique su gesti\u00f3n por la parte, es de car\u00e1cter perentorio, sin que se requiera para iniciar su transcurso decreto judicial, petici\u00f3n de parte o notificaci\u00f3n alguna (esta c\u00e1mara, resoluci\u00f3n del 20-09-2016, &#8220;Rodr\u00edguez, Marciano y otras s\/ Sucesi\u00f3n ab intestato&#8221;, L.47 R.261).<\/p>\n<p>\u00a0\u00a0\u00a0\u00a0\u00a0\u00a0\u00a0\u00a0\u00a0\u00a0\u00a0 Ese t\u00e9rmino, que por ser de car\u00e1cter procesal se computa con exclusi\u00f3n de d\u00edas inh\u00e1biles, debe contarse a partir de la primera actuaci\u00f3n del gestor, es decir desde la primera oportunidad en que se invoca la representaci\u00f3n del litigante sin acreditarla.<\/p>\n<p>\u00a0\u00a0\u00a0\u00a0\u00a0\u00a0\u00a0\u00a0\u00a0\u00a0\u00a0 En el caso, el abogado Alanis se present\u00f3 en aquel car\u00e1cter el 1 de junio de 2017, venciendo, en consecuencia, el t\u00e9rmino legal el d\u00eda 11 de septiembre del corriente a\u00f1o o, en el mejor de los casos, el 12 del mismo mes y a\u00f1o dentro del plazo de gracia judicial (art. 124 \u00falt. p\u00e1rr. CPCC).<\/p>\n<p>\u00a0\u00a0\u00a0\u00a0\u00a0\u00a0\u00a0\u00a0\u00a0\u00a0\u00a0 Como al d\u00eda de la fecha no se ha efectivizado la presentaci\u00f3n del correspondiente poder o la ratificaci\u00f3n de la gesti\u00f3n, corresponde declarar la nulidad de lo actuado por el abogado Pablo Horacio Alanis a partir de fojas 392\/vta., con costas a su cargo (art. 48 C\u00f3d. Proc.).<\/p>\n<p>\u00a0\u00a0\u00a0\u00a0\u00a0\u00a0\u00a0\u00a0\u00a0\u00a0\u00a0 Sin perjuicio de ello, es dable advertir de la lectura de la causa, que la pericia caligr\u00e1fica a producirse sobre el contrato de locaci\u00f3n acompa\u00f1ado a fojas 68\/69 (fs. 344, 345, 346, 348\/349), ha llevado a convocar equivocadamente a Mar\u00eda Paula Hernando para formar cuerpo de escritura (fs. 355\/360), cuando esa persona no aparece ni siquiera mencionada en aquel instrumento de fojas\u00a0 68\/69, en el cual -en todo caso- se nombra a Leonardo Oscar S\u00e1nchez y a Luciana Rosa Cantarini.<\/p>\n<p>\u00a0\u00a0\u00a0\u00a0\u00a0\u00a0\u00a0\u00a0\u00a0\u00a0\u00a0 <strong><span style=\"text-decoration: underline\">ASI LO VOTO<\/span><\/strong>.<\/p>\n<p><strong><span style=\"text-decoration: underline\">A LA MISMA CUESTION \u00a0EL JUEZ SOSA \u00a0\u00a0DIJO<\/span><\/strong>:<\/p>\n<p>\u00a0\u00a0\u00a0\u00a0\u00a0\u00a0\u00a0\u00a0\u00a0\u00a0\u00a0 Que por compartir sus fundamentos, adhiere al voto que antecede.<\/p>\n<p><strong><span style=\"text-decoration: underline\">A LA MISMA CUESTION LA JUEZA SCELZO \u00a0DIJO<\/span><\/strong>:<\/p>\n<p>\u00a0\u00a0\u00a0\u00a0\u00a0\u00a0\u00a0\u00a0\u00a0\u00a0\u00a0 Que por compartir sus fundamentos adhiere al voto emitido en primer t\u00e9rmino.<\/p>\n<p><strong><span style=\"text-decoration: underline\">A LA\u00a0 SEGUNDA\u00a0 CUESTION EL JUEZ LETTIERI DIJO<\/span><\/strong>:<\/p>\n<p>\u00a0\u00a0\u00a0\u00a0\u00a0\u00a0\u00a0\u00a0\u00a0\u00a0\u00a0 Corresponde declarar la nulidad de lo actuado por el abogado Pablo Horacio Alanis a partir de fs. 392\/vta., con costas a su cargo (art. 48 C\u00f3d. Proc.).<\/p>\n<p><strong>\u00a0\u00a0\u00a0\u00a0\u00a0\u00a0\u00a0\u00a0\u00a0\u00a0\u00a0 <span style=\"text-decoration: underline\">TAL MI VOTO<\/span><\/strong>.<\/p>\n<p><strong><span style=\"text-decoration: underline\">A LA MISMA CUESTION EL JUEZ SOSA DIJO<\/span><\/strong>:<\/p>\n<p>\u00a0\u00a0\u00a0\u00a0\u00a0\u00a0\u00a0\u00a0\u00a0\u00a0\u00a0 Que adhiere al voto que antecede.<\/p>\n<p><strong><span style=\"text-decoration: underline\">A LA MISMA CUESTION LA JUEZA SCELZO\u00a0 DIJO<\/span><\/strong>:<\/p>\n<p>\u00a0\u00a0\u00a0\u00a0\u00a0\u00a0\u00a0\u00a0\u00a0\u00a0\u00a0 Que adhiere al voto emitido en primer t\u00e9rmino al ser votada esta cuesti\u00f3n.<\/p>\n<p>CON\u00a0 LO QUE TERMINO EL ACUERDO, DICTANDOSE LA SIGUIENTE:<\/p>\n<p><strong>\u00a0\u00a0\u00a0\u00a0\u00a0\u00a0\u00a0\u00a0 <span style=\"text-decoration: underline\">S E N T E N C I A<\/span><\/strong><\/p>\n<p>\u00a0\u00a0\u00a0\u00a0\u00a0\u00a0\u00a0\u00a0\u00a0\u00a0\u00a0 Por\u00a0 lo que resulta del precedente Acuerdo, la C\u00e1mara <strong><span style=\"text-decoration: underline\">RESUELVE<\/span><\/strong>:<\/p>\n<p>\u00a0\u00a0\u00a0\u00a0\u00a0\u00a0\u00a0\u00a0\u00a0\u00a0\u00a0 Declarar la nulidad de lo actuado por el abogado Pablo Horacio Alanis a partir de fs. 392\/vta., con costas a su cargo.<\/p>\n<p>\u00a0\u00a0\u00a0\u00a0\u00a0\u00a0\u00a0\u00a0\u00a0\u00a0\u00a0 Reg\u00edstrese.\u00a0 Notif\u00edquese\u00a0\u00a0 seg\u00fan\u00a0\u00a0 corresponda (arts. 133, 135 inc. 12 y 249 \u00falt. p\u00e1rr. CPCC). Hecho, devu\u00e9lvase.<\/p>\n","protected":false},"excerpt":{"rendered":"<p>C\u00e1mara de Apelaci\u00f3n Civil y Comercial Trenque Lauquen\u00a0\u00a0\u00a0\u00a0\u00a0\u00a0\u00a0\u00a0\u00a0\u00a0\u00a0\u00a0\u00a0\u00a0\u00a0\u00a0\u00a0 \u00a0\u00a0\u00a0\u00a0\u00a0\u00a0\u00a0\u00a0\u00a0\u00a0\u00a0\u00a0\u00a0\u00a0\u00a0\u00a0\u00a0\u00a0\u00a0\u00a0\u00a0\u00a0\u00a0\u00a0\u00a0\u00a0\u00a0\u00a0\u00a0\u00a0\u00a0\u00a0\u00a0\u00a0\u00a0\u00a0\u00a0\u00a0\u00a0\u00a0\u00a0\u00a0\u00a0\u00a0\u00a0\u00a0\u00a0\u00a0\u00a0\u00a0\u00a0\u00a0\u00a0\u00a0\u00a0\u00a0\u00a0\u00a0 \u00a0\u00a0\u00a0\u00a0\u00a0\u00a0\u00a0\u00a0\u00a0\u00a0\u00a0\u00a0\u00a0\u00a0\u00a0\u00a0\u00a0\u00a0\u00a0\u00a0\u00a0\u00a0\u00a0 Juzgado de origen: Juzgado Civil y Comercial 1 \u00a0\u00a0\u00a0\u00a0\u00a0\u00a0\u00a0\u00a0\u00a0\u00a0\u00a0\u00a0\u00a0\u00a0\u00a0\u00a0\u00a0\u00a0\u00a0\u00a0\u00a0\u00a0\u00a0\u00a0\u00a0\u00a0\u00a0\u00a0\u00a0\u00a0\u00a0\u00a0\u00a0\u00a0\u00a0\u00a0\u00a0\u00a0\u00a0\u00a0\u00a0\u00a0\u00a0\u00a0\u00a0\u00a0\u00a0\u00a0\u00a0\u00a0\u00a0\u00a0\u00a0\u00a0\u00a0\u00a0\u00a0\u00a0\u00a0\u00a0\u00a0\u00a0\u00a0\u00a0\u00a0\u00a0\u00a0\u00a0\u00a0\u00a0\u00a0\u00a0\u00a0\u00a0\u00a0\u00a0\u00a0\u00a0\u00a0\u00a0\u00a0 Libro: 48&#8211; \/ Registro: 324 \u00a0\u00a0\u00a0\u00a0\u00a0\u00a0\u00a0\u00a0\u00a0\u00a0\u00a0\u00a0\u00a0\u00a0\u00a0\u00a0\u00a0\u00a0\u00a0\u00a0\u00a0\u00a0\u00a0\u00a0\u00a0\u00a0\u00a0\u00a0\u00a0\u00a0\u00a0\u00a0\u00a0\u00a0\u00a0\u00a0\u00a0\u00a0\u00a0\u00a0\u00a0\u00a0\u00a0\u00a0\u00a0\u00a0\u00a0\u00a0\u00a0\u00a0\u00a0\u00a0\u00a0\u00a0\u00a0\u00a0\u00a0\u00a0\u00a0\u00a0\u00a0\u00a0\u00a0\u00a0\u00a0\u00a0\u00a0\u00a0\u00a0\u00a0\u00a0\u00a0\u00a0\u00a0\u00a0\u00a0\u00a0\u00a0\u00a0\u00a0\u00a0 Autos: &#8220;SANCHEZ, LEONARDO OSCAR C\/SANCHEZ, ZULMA VIVIANA S\/ DESALOJO ( EXCEPTO POR FALTA DE PAGO )&#8221; Expte.: -90464- \u00a0\u00a0\u00a0\u00a0\u00a0\u00a0\u00a0\u00a0\u00a0\u00a0\u00a0\u00a0\u00a0\u00a0\u00a0\u00a0\u00a0\u00a0\u00a0\u00a0\u00a0\u00a0\u00a0\u00a0\u00a0\u00a0\u00a0\u00a0\u00a0\u00a0\u00a0\u00a0\u00a0\u00a0\u00a0\u00a0\u00a0\u00a0\u00a0\u00a0\u00a0\u00a0\u00a0\u00a0\u00a0\u00a0\u00a0\u00a0\u00a0\u00a0\u00a0\u00a0\u00a0\u00a0\u00a0\u00a0\u00a0\u00a0\u00a0\u00a0\u00a0\u00a0\u00a0\u00a0\u00a0\u00a0\u00a0\u00a0\u00a0\u00a0\u00a0\u00a0\u00a0\u00a0\u00a0\u00a0\u00a0\u00a0\u00a0\u00a0\u00a0 \u00a0\u00a0\u00a0\u00a0\u00a0\u00a0\u00a0\u00a0\u00a0\u00a0\u00a0 En la ciudad de Trenque Lauquen, provincia\u00a0 de\u00a0 Buenos Aires,\u00a0 [&hellip;]<\/p>\n","protected":false},"author":15,"featured_media":0,"comment_status":"closed","ping_status":"open","sticky":false,"template":"","format":"standard","meta":{"footnotes":""},"categories":[1],"tags":[],"class_list":["post-7653","post","type-post","status-publish","format-standard","hentry","category-sin-categoria"],"_links":{"self":[{"href":"https:\/\/blogs.scba.gov.ar\/camaraciviltrenquelauquen\/wp-json\/wp\/v2\/posts\/7653","targetHints":{"allow":["GET"]}}],"collection":[{"href":"https:\/\/blogs.scba.gov.ar\/camaraciviltrenquelauquen\/wp-json\/wp\/v2\/posts"}],"about":[{"href":"https:\/\/blogs.scba.gov.ar\/camaraciviltrenquelauquen\/wp-json\/wp\/v2\/types\/post"}],"author":[{"embeddable":true,"href":"https:\/\/blogs.scba.gov.ar\/camaraciviltrenquelauquen\/wp-json\/wp\/v2\/users\/15"}],"replies":[{"embeddable":true,"href":"https:\/\/blogs.scba.gov.ar\/camaraciviltrenquelauquen\/wp-json\/wp\/v2\/comments?post=7653"}],"version-history":[{"count":0,"href":"https:\/\/blogs.scba.gov.ar\/camaraciviltrenquelauquen\/wp-json\/wp\/v2\/posts\/7653\/revisions"}],"wp:attachment":[{"href":"https:\/\/blogs.scba.gov.ar\/camaraciviltrenquelauquen\/wp-json\/wp\/v2\/media?parent=7653"}],"wp:term":[{"taxonomy":"category","embeddable":true,"href":"https:\/\/blogs.scba.gov.ar\/camaraciviltrenquelauquen\/wp-json\/wp\/v2\/categories?post=7653"},{"taxonomy":"post_tag","embeddable":true,"href":"https:\/\/blogs.scba.gov.ar\/camaraciviltrenquelauquen\/wp-json\/wp\/v2\/tags?post=7653"}],"curies":[{"name":"wp","href":"https:\/\/api.w.org\/{rel}","templated":true}]}}