{"id":7578,"date":"2017-09-19T17:53:34","date_gmt":"2017-09-19T17:53:34","guid":{"rendered":"http:\/\/blogs.scba.gov.ar\/camaraciviltrenquelauquen\/?p=7578"},"modified":"2017-09-19T17:53:34","modified_gmt":"2017-09-19T17:53:34","slug":"fecha-del-acuerdo-12-11-2017","status":"publish","type":"post","link":"https:\/\/blogs.scba.gov.ar\/camaraciviltrenquelauquen\/2017\/09\/19\/fecha-del-acuerdo-12-11-2017\/","title":{"rendered":"Fecha del Acuerdo: 12-09-2017."},"content":{"rendered":"<p>C\u00e1mara de Apelaci\u00f3n Civil y Comercial Trenque Lauquen\u00a0\u00a0\u00a0\u00a0\u00a0\u00a0\u00a0\u00a0\u00a0\u00a0\u00a0\u00a0\u00a0\u00a0\u00a0\u00a0\u00a0\u00a0\u00a0\u00a0\u00a0\u00a0\u00a0\u00a0 <span style=\"text-decoration: underline\">\u00a0 \u00a0 \u00a0 \u00a0 \u00a0 \u00a0 \u00a0 \u00a0 \u00a0 \u00a0 \u00a0 \u00a0 \u00a0 \u00a0 \u00a0 \u00a0 \u00a0 \u00a0 \u00a0 \u00a0 \u00a0 \u00a0 \u00a0 \u00a0 \u00a0 \u00a0 \u00a0 \u00a0 \u00a0 \u00a0 \u00a0 \u00a0 \u00a0 \u00a0 \u00a0 \u00a0 \u00a0 \u00a0 \u00a0 \u00a0 \u00a0<\/span><\/p>\n<p>Juzgado de origen: Juzgado de Paz Letrado de Pehuaj\u00f3<\/p>\n<p><span style=\"text-decoration: underline\">\u00a0\u00a0\u00a0\u00a0\u00a0\u00a0\u00a0\u00a0\u00a0\u00a0\u00a0\u00a0\u00a0\u00a0\u00a0\u00a0\u00a0\u00a0\u00a0\u00a0\u00a0\u00a0\u00a0\u00a0\u00a0\u00a0\u00a0\u00a0\u00a0\u00a0\u00a0\u00a0\u00a0\u00a0\u00a0\u00a0\u00a0\u00a0\u00a0\u00a0\u00a0\u00a0\u00a0\u00a0\u00a0\u00a0\u00a0\u00a0\u00a0\u00a0\u00a0\u00a0\u00a0\u00a0\u00a0\u00a0\u00a0\u00a0\u00a0\u00a0\u00a0\u00a0\u00a0\u00a0\u00a0\u00a0\u00a0\u00a0\u00a0\u00a0\u00a0\u00a0\u00a0\u00a0\u00a0\u00a0\u00a0\u00a0\u00a0\u00a0\u00a0 <\/span><\/p>\n<p><span style=\"text-decoration: underline\">Libro:<\/span> <strong>48<\/strong>&#8211; \/ <span style=\"text-decoration: underline\">Registro:<\/span> 298<\/p>\n<p><span style=\"text-decoration: underline\">\u00a0\u00a0\u00a0\u00a0\u00a0\u00a0\u00a0\u00a0\u00a0\u00a0\u00a0\u00a0\u00a0\u00a0\u00a0\u00a0\u00a0\u00a0\u00a0\u00a0\u00a0\u00a0\u00a0\u00a0\u00a0\u00a0\u00a0\u00a0\u00a0\u00a0\u00a0\u00a0\u00a0\u00a0\u00a0\u00a0\u00a0\u00a0\u00a0\u00a0\u00a0\u00a0\u00a0\u00a0\u00a0\u00a0\u00a0\u00a0\u00a0\u00a0\u00a0\u00a0\u00a0\u00a0\u00a0\u00a0\u00a0\u00a0\u00a0\u00a0\u00a0\u00a0\u00a0\u00a0\u00a0\u00a0\u00a0\u00a0\u00a0\u00a0\u00a0\u00a0\u00a0\u00a0\u00a0\u00a0\u00a0\u00a0\u00a0\u00a0\u00a0 <\/span><\/p>\n<p><span style=\"text-decoration: underline\">Autos:<\/span><strong> &#8220;C., G. \u00a0 ( CONYUGE L. D.\u00a0<\/strong><strong>M.)\u00a0 S\/ DIVORCIO UNILATERAL&#8221;<\/strong><\/p>\n<p><span style=\"text-decoration: underline\">Expte.:<\/span><strong> -90449-<\/strong><\/p>\n<p><span style=\"text-decoration: underline\">\u00a0\u00a0\u00a0\u00a0\u00a0\u00a0\u00a0\u00a0\u00a0\u00a0\u00a0\u00a0\u00a0\u00a0\u00a0\u00a0\u00a0\u00a0\u00a0\u00a0\u00a0\u00a0\u00a0\u00a0\u00a0\u00a0\u00a0\u00a0\u00a0\u00a0\u00a0\u00a0\u00a0\u00a0\u00a0\u00a0\u00a0\u00a0\u00a0\u00a0\u00a0\u00a0\u00a0\u00a0\u00a0\u00a0\u00a0\u00a0\u00a0\u00a0\u00a0\u00a0\u00a0\u00a0\u00a0\u00a0\u00a0\u00a0\u00a0\u00a0\u00a0\u00a0\u00a0\u00a0\u00a0\u00a0\u00a0\u00a0\u00a0\u00a0\u00a0\u00a0\u00a0\u00a0\u00a0\u00a0\u00a0\u00a0\u00a0\u00a0\u00a0 <\/span><\/p>\n<p>En la ciudad de Trenque Lauquen, provincia\u00a0 de\u00a0 Buenos Aires,\u00a0 a\u00a0 los doce\u00a0 d\u00edas del mes de septiembre de dos mil diecisiete, celebran Acuerdo\u00a0 ordinario\u00a0 los jueces\u00a0 de la C\u00e1mara de Apelaci\u00f3n en lo Civil y Comercial, Carlos A. Lettieri, Silvia E. Scelzo y Toribio E. Sosa,\u00a0 para\u00a0 dictar\u00a0 sentencia\u00a0 en\u00a0 los autos <strong>&#8220;C., G. \u00a0 ( CONYUGE L. D. M.)\u00a0 S\/ DIVORCIO UNILATERAL&#8221;<\/strong> (expte. nro. <strong>-90449-<\/strong>), de acuerdo al orden\u00a0 de\u00a0 voto\u00a0 que surge\u00a0 del\u00a0 sorteo\u00a0 de foja 62, plante\u00e1ndose las siguientes cuestiones:<\/p>\n<p><strong><span style=\"text-decoration: underline\">PRIMERA<\/span><\/strong>:\u00a0 \u00bfes procedente la apelaci\u00f3n de foja 48 contra la resoluci\u00f3n de fojas 43\/vta.?.<\/p>\n<p><strong><span style=\"text-decoration: underline\">SEGUNDA<\/span><\/strong>: \u00bfqu\u00e9 pronunciamiento corresponde emitir?.<\/p>\n<p><strong><span style=\"text-decoration: underline\">A LA PRIMERA CUESTION EL JUEZ LETTIERI \u00a0DIJO<\/span><\/strong>:<\/p>\n<p>Al presentar su petici\u00f3n de divorcio, la actora dej\u00f3 expresado que desde hab\u00eda varios a\u00f1os se encontraban separados, con lo que dio p\u00e1bulo a que esa separaci\u00f3n hab\u00eda ocurrido antes de la petici\u00f3n. Aunque no precis\u00f3 la fecha, hizo referencia a procesos referidos a la prestaci\u00f3n alimentaria (\u2018C., G. c\/ M., L. D. s\/ homologaci\u00f3n de convenio\u2019, expediente 775\/2014 y \u2018C., G. c\/ M., L. D. s\/ incidente de alimentos\u2019, expediente 3201\/2015; fs. 7.III y 7\/vta. B).<\/p>\n<p>De su parte, M., expres\u00f3 en el tema que interesa, que hab\u00eda una fecha cierta de la separaci\u00f3n de hecho y que los efectos de la sentencia de divorcio deb\u00eda retrotraerse al 6 de febrero de 2014 (fs. 24vta., primer p\u00e1rrafo).<\/p>\n<p>Y la actora, al responder al traslado que le corriera para que expresara si esa fecha era correcta, antes que formular controversia, dijo que conforme surg\u00eda del convenio homologado en los autos \u2018C., G. c\/ M., L. D. s\/ homologaci\u00f3n de convenio\u2019 \u2013ofrecido en su presentaci\u00f3n inicial (f. 58)\u2013 la separaci\u00f3n de hecho sin voluntad de unirse se hab\u00eda producido el 6 de febrero de 2014.<\/p>\n<p>En s\u00edntesis, no hubo controversia en ese dato ni una actitud de manifiesto ocultamiento por parte de la actora, por lo cual no puede hablarse de la existencia de una parte vencida.<\/p>\n<p>Por manera que, con esta visi\u00f3n, no hay fundamento procesal para que las costas del divorcio sean impuestas a la accionante, como sostiene la parte recurrente (arg. art. 68 del C\u00f3d. Proc.).<\/p>\n<p>De modo que en este aspecto la apelaci\u00f3n debe ser desestimada, con costas al apelante vencido, pues medi\u00f3 resistencia de la apelada que result\u00f3 exitosa (arg. 68 del C\u00f3d. Proc.).<\/p>\n<p>Tocante a la regulaci\u00f3n omitida, la falta puede ser salvada en la instancia anterior, canaliz\u00e1ndose all\u00ed la petici\u00f3n del interesado.<\/p>\n<p><strong><span style=\"text-decoration: underline\">AS\u00cd LO VOTO<\/span>.<\/strong><\/p>\n<p><strong><span style=\"text-decoration: underline\">A LA MISMA CUESTION \u00a0EL JUEZ SOSA \u00a0\u00a0DIJO<\/span><\/strong>:<\/p>\n<p>Que por compartir sus fundamentos, adhiere al voto que antecede.<\/p>\n<p><strong><span style=\"text-decoration: underline\">A LA MISMA CUESTION LA JUEZA SCELZO \u00a0DIJO<\/span><\/strong>:<\/p>\n<p>Que por compartir sus fundamentos adhiere al voto emitido en primer t\u00e9rmino.<\/p>\n<p><strong><span style=\"text-decoration: underline\">A LA\u00a0 SEGUNDA\u00a0 CUESTION\u00a0 EL JUEZ LETTIERI \u00a0DIJO<\/span><\/strong>:<\/p>\n<p>Corresponde desestimar la apelaci\u00f3n de foja 48 contra la resoluci\u00f3n de fojas 43\/vta., con costas al apelante vencido (arg. art. 68 C\u00f3d. Proc.)\u00a0 y diferimiento aqu\u00ed de la resoluci\u00f3n sobre honorarios (arts. 51 y 31 d-ley 8904\/77).<\/p>\n<p><strong>\u00a0\u00a0\u00a0\u00a0\u00a0\u00a0\u00a0\u00a0\u00a0\u00a0\u00a0 <span style=\"text-decoration: underline\">TAL MI VOTO<\/span><\/strong>.<\/p>\n<p><strong><span style=\"text-decoration: underline\">A LA MISMA CUESTION \u00a0EL JUEZ SOSA\u00a0 DIJO<\/span><\/strong>:<\/p>\n<p>Que adhiere al voto que antecede.<\/p>\n<p><strong><span style=\"text-decoration: underline\">A LA MISMA CUESTION \u00a0LA JUEZA SCELZO DIJO<\/span><\/strong>:<\/p>\n<p>Que adhiere al voto emitido en primer t\u00e9rmino al ser votada esta cuesti\u00f3n.<\/p>\n<p>CON\u00a0 LO QUE TERMINO EL ACUERDO, DICTANDOSE LA SIGUIENTE:<\/p>\n<p><strong>\u00a0\u00a0\u00a0\u00a0\u00a0\u00a0\u00a0\u00a0 <span style=\"text-decoration: underline\">S E N T E N C I A<\/span><\/strong><\/p>\n<p>Por\u00a0 lo que resulta del precedente Acuerdo, la C\u00e1mara <strong><span style=\"text-decoration: underline\">RESUELVE<\/span><\/strong>:<\/p>\n<p>Desestimar la apelaci\u00f3n de foja 48 contra la resoluci\u00f3n de fojas 43\/vta., con costas al apelante vencido\u00a0\u00a0 y diferimiento aqu\u00ed de la resoluci\u00f3n sobre honorarios<\/p>\n<p>Reg\u00edstrese.\u00a0 Notif\u00edquese\u00a0\u00a0 seg\u00fan\u00a0\u00a0 corresponda (arts. 133, 135 inc. 12 y 249 \u00falt. p\u00e1rr. CPCC). Hecho, devu\u00e9lvase.<\/p>\n<p>&nbsp;<\/p>\n","protected":false},"excerpt":{"rendered":"<p>C\u00e1mara de Apelaci\u00f3n Civil y Comercial Trenque Lauquen\u00a0\u00a0\u00a0\u00a0\u00a0\u00a0\u00a0\u00a0\u00a0\u00a0\u00a0\u00a0\u00a0\u00a0\u00a0\u00a0\u00a0\u00a0\u00a0\u00a0\u00a0\u00a0\u00a0\u00a0 \u00a0 \u00a0 \u00a0 \u00a0 \u00a0 \u00a0 \u00a0 \u00a0 \u00a0 \u00a0 \u00a0 \u00a0 \u00a0 \u00a0 \u00a0 \u00a0 \u00a0 \u00a0 \u00a0 \u00a0 \u00a0 \u00a0 \u00a0 \u00a0 \u00a0 \u00a0 \u00a0 \u00a0 \u00a0 \u00a0 \u00a0 \u00a0 \u00a0 \u00a0 \u00a0 \u00a0 \u00a0 \u00a0 \u00a0 \u00a0 \u00a0 Juzgado de origen: Juzgado de Paz [&hellip;]<\/p>\n","protected":false},"author":15,"featured_media":0,"comment_status":"closed","ping_status":"open","sticky":false,"template":"","format":"standard","meta":{"footnotes":""},"categories":[1],"tags":[],"class_list":["post-7578","post","type-post","status-publish","format-standard","hentry","category-sin-categoria"],"_links":{"self":[{"href":"https:\/\/blogs.scba.gov.ar\/camaraciviltrenquelauquen\/wp-json\/wp\/v2\/posts\/7578","targetHints":{"allow":["GET"]}}],"collection":[{"href":"https:\/\/blogs.scba.gov.ar\/camaraciviltrenquelauquen\/wp-json\/wp\/v2\/posts"}],"about":[{"href":"https:\/\/blogs.scba.gov.ar\/camaraciviltrenquelauquen\/wp-json\/wp\/v2\/types\/post"}],"author":[{"embeddable":true,"href":"https:\/\/blogs.scba.gov.ar\/camaraciviltrenquelauquen\/wp-json\/wp\/v2\/users\/15"}],"replies":[{"embeddable":true,"href":"https:\/\/blogs.scba.gov.ar\/camaraciviltrenquelauquen\/wp-json\/wp\/v2\/comments?post=7578"}],"version-history":[{"count":0,"href":"https:\/\/blogs.scba.gov.ar\/camaraciviltrenquelauquen\/wp-json\/wp\/v2\/posts\/7578\/revisions"}],"wp:attachment":[{"href":"https:\/\/blogs.scba.gov.ar\/camaraciviltrenquelauquen\/wp-json\/wp\/v2\/media?parent=7578"}],"wp:term":[{"taxonomy":"category","embeddable":true,"href":"https:\/\/blogs.scba.gov.ar\/camaraciviltrenquelauquen\/wp-json\/wp\/v2\/categories?post=7578"},{"taxonomy":"post_tag","embeddable":true,"href":"https:\/\/blogs.scba.gov.ar\/camaraciviltrenquelauquen\/wp-json\/wp\/v2\/tags?post=7578"}],"curies":[{"name":"wp","href":"https:\/\/api.w.org\/{rel}","templated":true}]}}