{"id":7576,"date":"2017-09-19T17:40:30","date_gmt":"2017-09-19T17:40:30","guid":{"rendered":"http:\/\/blogs.scba.gov.ar\/camaraciviltrenquelauquen\/?p=7576"},"modified":"2017-09-19T17:40:30","modified_gmt":"2017-09-19T17:40:30","slug":"fecha-del-acuerdo-12-9-2017-3","status":"publish","type":"post","link":"https:\/\/blogs.scba.gov.ar\/camaraciviltrenquelauquen\/2017\/09\/19\/fecha-del-acuerdo-12-9-2017-3\/","title":{"rendered":"Fecha del Acuerdo: 12-9-2017."},"content":{"rendered":"<p>C\u00e1mara de Apelaci\u00f3n Civil y Comercial Trenque Lauquen\u00a0\u00a0\u00a0\u00a0\u00a0\u00a0\u00a0\u00a0\u00a0\u00a0\u00a0\u00a0\u00a0\u00a0\u00a0\u00a0\u00a0\u00a0\u00a0\u00a0\u00a0\u00a0\u00a0\u00a0 <span style=\"text-decoration: underline\">\u00a0 \u00a0 \u00a0 \u00a0 \u00a0 \u00a0 \u00a0 \u00a0 \u00a0 \u00a0 \u00a0 \u00a0 \u00a0 \u00a0 \u00a0 \u00a0 \u00a0 \u00a0 \u00a0 \u00a0 \u00a0 \u00a0 \u00a0 \u00a0 \u00a0 \u00a0 \u00a0 \u00a0 \u00a0 \u00a0 \u00a0 \u00a0 \u00a0 \u00a0 \u00a0 \u00a0 \u00a0 \u00a0 \u00a0 \u00a0 \u00a0<\/span><\/p>\n<p>Juzgado de origen: Juzgado de Paz Letrado de Pehuaj\u00f3<\/p>\n<p><span style=\"text-decoration: underline\">\u00a0\u00a0\u00a0\u00a0\u00a0\u00a0\u00a0\u00a0\u00a0\u00a0\u00a0\u00a0\u00a0\u00a0\u00a0\u00a0\u00a0\u00a0\u00a0\u00a0\u00a0\u00a0\u00a0\u00a0\u00a0\u00a0\u00a0\u00a0\u00a0\u00a0\u00a0\u00a0\u00a0\u00a0\u00a0\u00a0\u00a0\u00a0\u00a0\u00a0\u00a0\u00a0\u00a0\u00a0\u00a0\u00a0\u00a0\u00a0\u00a0\u00a0\u00a0\u00a0\u00a0\u00a0\u00a0\u00a0\u00a0\u00a0\u00a0\u00a0\u00a0\u00a0\u00a0\u00a0\u00a0\u00a0\u00a0\u00a0\u00a0\u00a0\u00a0\u00a0\u00a0\u00a0\u00a0\u00a0\u00a0\u00a0\u00a0\u00a0\u00a0 <\/span><\/p>\n<p><span style=\"text-decoration: underline\">Libro:<\/span> <strong>48<\/strong>&#8211; \/ <span style=\"text-decoration: underline\">Registro:<\/span> 297<\/p>\n<p><span style=\"text-decoration: underline\">\u00a0\u00a0\u00a0\u00a0\u00a0\u00a0\u00a0\u00a0\u00a0\u00a0\u00a0\u00a0\u00a0\u00a0\u00a0\u00a0\u00a0\u00a0\u00a0\u00a0\u00a0\u00a0\u00a0\u00a0\u00a0\u00a0\u00a0\u00a0\u00a0\u00a0\u00a0\u00a0\u00a0\u00a0\u00a0\u00a0\u00a0\u00a0\u00a0\u00a0\u00a0\u00a0\u00a0\u00a0\u00a0\u00a0\u00a0\u00a0\u00a0\u00a0\u00a0\u00a0\u00a0\u00a0\u00a0\u00a0\u00a0\u00a0\u00a0\u00a0\u00a0\u00a0\u00a0\u00a0\u00a0\u00a0\u00a0\u00a0\u00a0\u00a0\u00a0\u00a0\u00a0\u00a0\u00a0\u00a0\u00a0\u00a0\u00a0\u00a0\u00a0 <\/span><\/p>\n<p><span style=\"text-decoration: underline\">Autos:<\/span><strong> &#8220;C., L. P. C\/ G., M. O. S\/ INCIDENTE DE ALIMENTOS&#8221;<\/strong><\/p>\n<p><span style=\"text-decoration: underline\">Expte.:<\/span><strong> -90439-<\/strong><\/p>\n<p><span style=\"text-decoration: underline\">\u00a0\u00a0\u00a0\u00a0\u00a0\u00a0\u00a0\u00a0\u00a0\u00a0\u00a0\u00a0\u00a0\u00a0\u00a0\u00a0\u00a0\u00a0\u00a0\u00a0\u00a0\u00a0\u00a0\u00a0\u00a0\u00a0\u00a0\u00a0\u00a0\u00a0\u00a0\u00a0\u00a0\u00a0\u00a0\u00a0\u00a0\u00a0\u00a0\u00a0\u00a0\u00a0\u00a0\u00a0\u00a0\u00a0\u00a0\u00a0\u00a0\u00a0\u00a0\u00a0\u00a0\u00a0\u00a0\u00a0\u00a0\u00a0\u00a0\u00a0\u00a0\u00a0\u00a0\u00a0\u00a0\u00a0\u00a0\u00a0\u00a0\u00a0\u00a0\u00a0\u00a0\u00a0\u00a0\u00a0\u00a0\u00a0\u00a0\u00a0\u00a0 <\/span><\/p>\n<p>En la ciudad de Trenque Lauquen, provincia\u00a0 de\u00a0 Buenos Aires,\u00a0 a\u00a0 los doce\u00a0 d\u00edas del mes de septiembre de dos mil diecisiete, celebran Acuerdo\u00a0 ordinario\u00a0 los jueces\u00a0 de la C\u00e1mara de Apelaci\u00f3n en lo Civil y Comercial, Carlos A. Lettieri, Silvia E. Scelzo y Toribio E. Sosa,\u00a0 para\u00a0 dictar\u00a0 sentencia\u00a0 en\u00a0 los autos <strong>&#8220;C., L. P. C\/ G., M. O. S\/ INCIDENTE DE ALIMENTOS&#8221;<\/strong> (expte. nro. <strong>-90439-<\/strong>), de acuerdo al orden\u00a0 de\u00a0 voto\u00a0 que surge\u00a0 del\u00a0 sorteo\u00a0 de f. 143, plante\u00e1ndose las siguientes cuestiones:<\/p>\n<p><strong><span style=\"text-decoration: underline\">PRIMERA<\/span><\/strong>:\u00a0 \u00bfes fundada la apelaci\u00f3n de f.\u00a0 121.I contra la sentencia de fs. 107\/111 vta.?.<\/p>\n<p><strong><span style=\"text-decoration: underline\">SEGUNDA<\/span><\/strong>: \u00bfqu\u00e9 pronunciamiento corresponde emitir?.<\/p>\n<p><strong><span style=\"text-decoration: underline\">A LA PRIMERA CUESTION EL JUEZ SOSA DIJO<\/span><\/strong>:<\/p>\n<p>1- La inflaci\u00f3n es hecho notorio que no requiere demostraci\u00f3n,\u00a0 aunque,\u00a0 como prueba de ella, t\u00e9ngase en cuenta la adecuaci\u00f3n progresiva del salario m\u00ednimo, vital y m\u00f3vil (en adelante, SMVM), la cual da cuenta de la realidad econ\u00f3mica consistente en la paulatina p\u00e9rdida del poder adquisitivo de la moneda nacional en los \u00faltimos a\u00f1os\u00a0 (art. 139 ley 24013; art. 384 c\u00f3d. proc.).<\/p>\n<p>En agosto de 2014, las partes acordaron una cuota alimentaria de $ 1.500, lo cual importaba un 41,66% del SMVM que, por entonces, ascend\u00eda a $ 3.600 (Res. 4\/13\u00a0 del CNEPYSMVYM).<\/p>\n<p>Al tiempo de la sentencia apelada, el SMVM era de $ 8.060 (Res. 2\/16 del CNEPYSMVYM) , de modo que ese 41,66% virtualmente acordado por las partes llegaba a $ 3.358,33.<\/p>\n<p>Ese simple an\u00e1lisis que pondera\u00a0 elementos objetivos de la realidad econ\u00f3mica, conduce a una conclusi\u00f3n razonable y sostenible: la cuota fijada por el juzgado (12% del sueldo bruto del accionado = $ 2.776,29) en moneda constante seg\u00fan la variaci\u00f3n del SMVM\u00a0 es inferior a la cuota oportunamente pactada. Cabe recordar que la Corte Suprema de la Naci\u00f3n\u00a0 ha decidido que el art. 10 de la ley 23982 s\u00f3lo fulmina las f\u00f3rmulas matem\u00e1ticas para actualizar, repotenciar o indexar,\u00a0 pero no otros m\u00e9todos que consulten elementos objetivos de ponderaci\u00f3n de la realidad que den lugar a un resultado razonable y sostenible (ver considerando 11 de\u00a0 \u201cEinaudi, Sergio c\/ Direcci\u00f3n General Impositiva s\/ nueva reglamentaci\u00f3n\u201d, sent. del 16\/9\/2014;\u00a0 complementaria y necesariamente ver tambi\u00e9n\u00a0 el considerando 2 del Ac. 28\/2014 a trav\u00e9s del cual increment\u00f3 el monto del art. 24.6.a del d.ley 1285\/58).<\/p>\n<p>Y eso as\u00ed sin considerar otra variable que cambi\u00f3 desde el acuerdo de 2014 hasta la sentencia apelada: la mayor cantidad de a\u00f1os de la alimentista.<\/p>\n<p>&nbsp;<\/p>\n<p>2- El argumento anterior es suficiente para confirmar la sentencia apelada, ya que por su peso pr\u00e1cticamente desplaza el examen de otras cuestiones.<\/p>\n<p>No obstante, \u00bfqu\u00e9 habr\u00eda cambiado para el alimentante desde el acuerdo de 2014? Porque si algo hubiera cambiado de modo tal que contara con menos recursos, entonces podr\u00eda justificarse no aumentar la cuota. El nacimiento de una nueva hija \u2013no de los dem\u00e1s-\u00a0 y la necesidad de alquilar, dijo \u00e9l oportunamente (ver f. 35 vta.).<\/p>\n<p>No indica\u00a0 G., c\u00f3mo sostener que los aumentos recibidos por su trabajo como polic\u00eda hubieran sido inferiores que la variaci\u00f3n del SMVM (f. 127, art. 375 c\u00f3d. proc.).<\/p>\n<p>No ha comprobado G., que\u00a0 antes del acuerdo de 2014 no alquilara y que luego s\u00ed (ver declaraciones de los testigos que propuso, a\u00a0 fs.\u00a0 84\/86; art. 710 CCyC; art. 456 c\u00f3d. proc.).<\/p>\n<p>En cuanto a los mayores gastos derivados del nacimiento de su nueva hija,\u00a0 sin tener que afectar la cuota alimentaria de autos pueden cubrirse con otras ocupaciones de G., que tampoco prob\u00f3 tener antes del acuerdo de 2014 (art. 710 cit.); me refiero a un negocio de venta de ropas (que con flexibilidad puede ser tenido por adverado con las atestaciones a preg. 7, 8 y 10, fs. 76\/77; arts. 710 cit. y 456 c\u00f3d. proc. ) y a sus clases de f\u00fatbol (absol. a posic. 10, fs. 58\/5); en cuanto a estas \u00faltimas, le incumb\u00eda al absolvente demostrar el hecho independiente de no cobrar por ellas\u00a0 (art. 422.1 c\u00f3d. proc.).<\/p>\n<p>Por fin, respecto del virtual rechazo del incidente de colaboraci\u00f3n \u2013ver f. 35.c; pues su\u00a0 \u00e9xito podr\u00eda haber conducido a una reducci\u00f3n o al menos a un no aumento de cuota-, los fundamentos centrales tendientes a ese rechazo (ver v.gr. fs. 108 vta.\/109) no han sido objeto de cr\u00edtica concreta y razonada (arts. 260 y 261 c\u00f3d. proc.).<\/p>\n<p><strong><span style=\"text-decoration: underline\">VOTO QUE NO<\/span><\/strong>.<\/p>\n<p><strong><span style=\"text-decoration: underline\">A LA MISMA CUESTION \u00a0LA JUEZA SCELZO \u00a0DIJO<\/span><\/strong>:<\/p>\n<p>Que por compartir sus fundamentos, adhiere al voto que antecede.<\/p>\n<p><strong><span style=\"text-decoration: underline\">A LA MISMA CUESTION EL JUEZ LETTIERI \u00a0DIJO<\/span><\/strong>:<\/p>\n<p>Que por compartir sus fundamentos adhiere al voto emitido en primer t\u00e9rmino.<\/p>\n<p><strong><span style=\"text-decoration: underline\">A LA\u00a0 SEGUNDA\u00a0 CUESTION\u00a0 EL JUEZ SOSA DIJO<\/span><\/strong>:<\/p>\n<p>Corresponde desestimar\u00a0 la apelaci\u00f3n de f.\u00a0 121.I contra la sentencia de fs. 107\/111 vta., con costas al apelante infructuoso (arts. 68 y 77 p\u00e1rrafo 2\u00b0 c\u00f3d. proc.), difiriendo aqu\u00ed la resoluci\u00f3n sobre honorarios (art. 31 d.ley 8904\/77).<\/p>\n<p><strong><span style=\"text-decoration: underline\">TAL MI VOTO<\/span><\/strong>.<\/p>\n<p><strong><span style=\"text-decoration: underline\">A LA MISMA CUESTION \u00a0LA JUEZA SCELZO \u00a0\u00a0DIJO<\/span><\/strong>:<\/p>\n<p>Que adhiere al voto que antecede.<\/p>\n<p><strong><span style=\"text-decoration: underline\">A LA MISMA CUESTION \u00a0EL JUEZ LETTIERI\u00a0 DIJO<\/span><\/strong>:<\/p>\n<p>Que adhiere al voto emitido en primer t\u00e9rmino al ser votada esta cuesti\u00f3n.<\/p>\n<p>CON\u00a0 LO QUE TERMINO EL ACUERDO, DICTANDOSE LA SIGUIENTE:<\/p>\n<p><strong>\u00a0\u00a0\u00a0\u00a0\u00a0\u00a0\u00a0\u00a0 <span style=\"text-decoration: underline\">S E N T E N C I A<\/span><\/strong><\/p>\n<p>Por\u00a0 lo que resulta del precedente Acuerdo, la C\u00e1mara <strong><span style=\"text-decoration: underline\">RESUELVE<\/span><\/strong>:<\/p>\n<p>Desestimar\u00a0 la apelaci\u00f3n de f.\u00a0 121.I contra la sentencia de fs. 107\/111 vta., con costas al apelante infructuoso, difiriendo aqu\u00ed la resoluci\u00f3n sobre honorarios.<\/p>\n<p>Reg\u00edstrese.\u00a0 Notif\u00edquese\u00a0\u00a0 seg\u00fan\u00a0\u00a0 corresponda (arts. 133, 135 inc. 12 y 249 \u00falt. p\u00e1rr. CPCC). Hecho, devu\u00e9lvase.<\/p>\n<p>&nbsp;<\/p>\n","protected":false},"excerpt":{"rendered":"<p>C\u00e1mara de Apelaci\u00f3n Civil y Comercial Trenque Lauquen\u00a0\u00a0\u00a0\u00a0\u00a0\u00a0\u00a0\u00a0\u00a0\u00a0\u00a0\u00a0\u00a0\u00a0\u00a0\u00a0\u00a0\u00a0\u00a0\u00a0\u00a0\u00a0\u00a0\u00a0 \u00a0 \u00a0 \u00a0 \u00a0 \u00a0 \u00a0 \u00a0 \u00a0 \u00a0 \u00a0 \u00a0 \u00a0 \u00a0 \u00a0 \u00a0 \u00a0 \u00a0 \u00a0 \u00a0 \u00a0 \u00a0 \u00a0 \u00a0 \u00a0 \u00a0 \u00a0 \u00a0 \u00a0 \u00a0 \u00a0 \u00a0 \u00a0 \u00a0 \u00a0 \u00a0 \u00a0 \u00a0 \u00a0 \u00a0 \u00a0 \u00a0 Juzgado de origen: Juzgado de Paz [&hellip;]<\/p>\n","protected":false},"author":15,"featured_media":0,"comment_status":"closed","ping_status":"open","sticky":false,"template":"","format":"standard","meta":{"footnotes":""},"categories":[1],"tags":[],"class_list":["post-7576","post","type-post","status-publish","format-standard","hentry","category-sin-categoria"],"_links":{"self":[{"href":"https:\/\/blogs.scba.gov.ar\/camaraciviltrenquelauquen\/wp-json\/wp\/v2\/posts\/7576","targetHints":{"allow":["GET"]}}],"collection":[{"href":"https:\/\/blogs.scba.gov.ar\/camaraciviltrenquelauquen\/wp-json\/wp\/v2\/posts"}],"about":[{"href":"https:\/\/blogs.scba.gov.ar\/camaraciviltrenquelauquen\/wp-json\/wp\/v2\/types\/post"}],"author":[{"embeddable":true,"href":"https:\/\/blogs.scba.gov.ar\/camaraciviltrenquelauquen\/wp-json\/wp\/v2\/users\/15"}],"replies":[{"embeddable":true,"href":"https:\/\/blogs.scba.gov.ar\/camaraciviltrenquelauquen\/wp-json\/wp\/v2\/comments?post=7576"}],"version-history":[{"count":0,"href":"https:\/\/blogs.scba.gov.ar\/camaraciviltrenquelauquen\/wp-json\/wp\/v2\/posts\/7576\/revisions"}],"wp:attachment":[{"href":"https:\/\/blogs.scba.gov.ar\/camaraciviltrenquelauquen\/wp-json\/wp\/v2\/media?parent=7576"}],"wp:term":[{"taxonomy":"category","embeddable":true,"href":"https:\/\/blogs.scba.gov.ar\/camaraciviltrenquelauquen\/wp-json\/wp\/v2\/categories?post=7576"},{"taxonomy":"post_tag","embeddable":true,"href":"https:\/\/blogs.scba.gov.ar\/camaraciviltrenquelauquen\/wp-json\/wp\/v2\/tags?post=7576"}],"curies":[{"name":"wp","href":"https:\/\/api.w.org\/{rel}","templated":true}]}}