{"id":7467,"date":"2017-08-23T17:37:18","date_gmt":"2017-08-23T17:37:18","guid":{"rendered":"http:\/\/blogs.scba.gov.ar\/camaraciviltrenquelauquen\/?p=7467"},"modified":"2017-08-23T17:37:18","modified_gmt":"2017-08-23T17:37:18","slug":"fecha-del-acuerdo-15-8-2017-4","status":"publish","type":"post","link":"https:\/\/blogs.scba.gov.ar\/camaraciviltrenquelauquen\/2017\/08\/23\/fecha-del-acuerdo-15-8-2017-4\/","title":{"rendered":"Fecha del Acuerdo: 15-8-2017."},"content":{"rendered":"<p>C\u00e1mara de Apelaci\u00f3n Civil y Comercial Trenque Lauquen\u00a0\u00a0\u00a0\u00a0\u00a0\u00a0\u00a0\u00a0\u00a0\u00a0\u00a0\u00a0\u00a0\u00a0\u00a0\u00a0\u00a0\u00a0\u00a0\u00a0\u00a0\u00a0\u00a0\u00a0 <span style=\"text-decoration: underline\">\u00a0 \u00a0 \u00a0 \u00a0 \u00a0 \u00a0 \u00a0 \u00a0 \u00a0 \u00a0 \u00a0 \u00a0 \u00a0 \u00a0 \u00a0 \u00a0 \u00a0 \u00a0 \u00a0 \u00a0 \u00a0 \u00a0 \u00a0 \u00a0 \u00a0 \u00a0 \u00a0 \u00a0 \u00a0 \u00a0 \u00a0 \u00a0 \u00a0 \u00a0 \u00a0 \u00a0 \u00a0 \u00a0 \u00a0 \u00a0 \u00a0<\/span><\/p>\n<p>Juzgado de origen: Juzgado de Paz Letrado de Carlos Tejedor<\/p>\n<p><span style=\"text-decoration: underline\">\u00a0\u00a0\u00a0\u00a0\u00a0\u00a0\u00a0\u00a0\u00a0\u00a0\u00a0\u00a0\u00a0\u00a0\u00a0\u00a0\u00a0\u00a0\u00a0\u00a0\u00a0\u00a0\u00a0\u00a0\u00a0\u00a0\u00a0\u00a0\u00a0\u00a0\u00a0\u00a0\u00a0\u00a0\u00a0\u00a0\u00a0\u00a0\u00a0\u00a0\u00a0\u00a0\u00a0\u00a0\u00a0\u00a0\u00a0\u00a0\u00a0\u00a0\u00a0\u00a0\u00a0\u00a0\u00a0\u00a0\u00a0\u00a0\u00a0\u00a0\u00a0\u00a0\u00a0\u00a0\u00a0\u00a0\u00a0\u00a0\u00a0\u00a0\u00a0\u00a0\u00a0\u00a0\u00a0\u00a0\u00a0\u00a0\u00a0\u00a0\u00a0 <\/span><\/p>\n<p><span style=\"text-decoration: underline\">Libro:<\/span> <strong>48<\/strong>&#8211; \/ <span style=\"text-decoration: underline\">Registro:<\/span> 248<\/p>\n<p><span style=\"text-decoration: underline\">\u00a0\u00a0\u00a0\u00a0\u00a0\u00a0\u00a0\u00a0\u00a0\u00a0\u00a0\u00a0\u00a0\u00a0\u00a0\u00a0\u00a0\u00a0\u00a0\u00a0\u00a0\u00a0\u00a0\u00a0\u00a0\u00a0\u00a0\u00a0\u00a0\u00a0\u00a0\u00a0\u00a0\u00a0\u00a0\u00a0\u00a0\u00a0\u00a0\u00a0\u00a0\u00a0\u00a0\u00a0\u00a0\u00a0\u00a0\u00a0\u00a0\u00a0\u00a0\u00a0\u00a0\u00a0\u00a0\u00a0\u00a0\u00a0\u00a0\u00a0\u00a0\u00a0\u00a0\u00a0\u00a0\u00a0\u00a0\u00a0\u00a0\u00a0\u00a0\u00a0\u00a0\u00a0\u00a0\u00a0\u00a0\u00a0\u00a0\u00a0\u00a0 <\/span><\/p>\n<p><span style=\"text-decoration: underline\">Autos:<\/span><strong> &#8220;G., V. A. C\/ R., A. A. S\/ ALIMENTOS&#8221;<\/strong><\/p>\n<p><span style=\"text-decoration: underline\">Expte.:<\/span><strong> -90348-<\/strong><\/p>\n<p><span style=\"text-decoration: underline\">\u00a0\u00a0\u00a0\u00a0\u00a0\u00a0\u00a0\u00a0\u00a0\u00a0\u00a0\u00a0\u00a0\u00a0\u00a0\u00a0\u00a0\u00a0\u00a0\u00a0\u00a0\u00a0\u00a0\u00a0\u00a0\u00a0\u00a0\u00a0\u00a0\u00a0\u00a0\u00a0\u00a0\u00a0\u00a0\u00a0\u00a0\u00a0\u00a0\u00a0\u00a0\u00a0\u00a0\u00a0\u00a0\u00a0\u00a0\u00a0\u00a0\u00a0\u00a0\u00a0\u00a0\u00a0\u00a0\u00a0\u00a0\u00a0\u00a0\u00a0\u00a0\u00a0\u00a0\u00a0\u00a0\u00a0\u00a0\u00a0\u00a0\u00a0\u00a0\u00a0\u00a0\u00a0\u00a0\u00a0\u00a0\u00a0\u00a0\u00a0\u00a0 <\/span><\/p>\n<p>En la ciudad de Trenque Lauquen, provincia\u00a0 de\u00a0 Buenos Aires,\u00a0 a\u00a0 los quince\u00a0 d\u00edas del mes de agosto de dos mil diecisiete, celebran Acuerdo\u00a0 ordinario\u00a0 los jueces\u00a0 de la C\u00e1mara de Apelaci\u00f3n en lo Civil y Comercial, Carlos A. Lettieri y Silvia E. Scelzo,\u00a0 para\u00a0 dictar\u00a0 sentencia\u00a0 en\u00a0 los autos <strong>&#8220;G., V A. C\/ R., A. A. S\/ ALIMENTOS&#8221;<\/strong> (expte. nro. <strong>-90348-<\/strong>), de acuerdo al orden\u00a0 de\u00a0 voto\u00a0 que surge\u00a0 del\u00a0 sorteo\u00a0 de f. 289, plante\u00e1ndose las siguientes cuestiones:<\/p>\n<p><strong><span style=\"text-decoration: underline\">PRIMERA<\/span><\/strong>:\u00a0 \u00bfes\u00a0\u00a0 procedente\u00a0\u00a0 la\u00a0\u00a0 apelaci\u00f3n\u00a0 de\u00a0 f. 273 contra la resoluci\u00f3n de fs. 266\/267?.<\/p>\n<p><strong><span style=\"text-decoration: underline\">SEGUNDA<\/span><\/strong>: \u00bfqu\u00e9 pronunciamiento corresponde emitir?.<\/p>\n<p><strong><span style=\"text-decoration: underline\">A LA PRIMERA CUESTION LA JUEZA SCELZO \u00a0DIJO<\/span><\/strong>:<\/p>\n<p>1. El demandado se presenta y solicita el cese de la cuota alimentaria a su cargo en favor de sus dos hijos menores;\u00a0 argumenta que en la audiencia celebrada el 1 de noviembre de 2016 en el expte. 7099\/2015\u00a0 se acord\u00f3 que M. resida de manera principal con la madre y R. del mismo modo con el padre, por manera que subsistiendo simult\u00e1neamente las obligaciones alimentarias &#8220;la cuota de alimentos provisoria fijada carece de sentido y devino en abstracto&#8221; (v. fs. 212\/vta.).<\/p>\n<p>La madre solicita\u00a0 se rechace el pedido alegando que carece de sentido l\u00f3gico y jur\u00eddico (v. fs. 259\/262 vta.)<\/p>\n<p>Finalmente la jueza decide modificar la cuota provisoria disponiendo el cese del 50% de la cuota parte correspondiente a R., y mantiene el restante 50% respecto de M. (v. fs. 266\/267).<\/p>\n<p>Esta decisi\u00f3n es recurrida por el demandado argumentando que la cuota de M. ha devenido en absurda y abstracta porque al irse a vivir R. con \u00e9l no puede pagar alimentos para M; cuando la madre que tiene ingresos no debe abonar ninguna suma\u00a0 por R. (v. fs. 275\/279 vta.).<\/p>\n<p>2. No est\u00e1 en discusi\u00f3n que R. vive con el padre y M. con la madre, y que la progenitora obtiene ingresos como empleada del Municipio de Carlos Tejedor, adem\u00e1s de ser docente.<\/p>\n<p>Ahora bien, no obstante ello cabe se\u00f1alar que de autos surge que R., luego de la separaci\u00f3n se qued\u00f3 habitando el hogar conyugal donde reside con R. \u00a0y la actora adem\u00e1s de tener que pagar el alquiler de la casa donde convive con M, tambi\u00e9n se hace cargo del gasto de\u00a0 la obra social de ambos menores.<\/p>\n<p>As\u00ed, teniendo en cuenta los mayores gastos que tiene la madre considero que actualmente no hay motivos para hacer cesar la cuota alimentaria acordada oportunamente en favor de M. en $ 1500, pues con solo contemplar que R. le corresponde contribuir para que su hija tenga un lugar donde vivir, se justifica mantener la cuota fijada (arts. 642, 501 y concs. c\u00f3d. proc.).<\/p>\n<p>Por \u00faltimo en cuanto al agravio referido a que no se trat\u00f3 el planteo referido al cr\u00e9dito que se gener\u00f3 en su favor por el pago indebido de la cuota a M. y R. cabe se\u00f1alar que ello fue abordado en la sentencia apelada resolvi\u00e9ndose que la modificaci\u00f3n deber\u00eda aplicarse a las cuotas anteriores a la sentencia cuando se encuentren impagas pero no con relaci\u00f3n a las mensualidades ya percibidas por el alimentado (v. fs. 266 vta.5to. p\u00e1rr.).<\/p>\n<p>En cuanto al no tratamiento de una cuota a favor de R. al contestar la demanda (v. f. 186\/vta. pto. VI &#8220;RECONVENCION&#8221;) ella fue desistida en la audiencia del 7-10-2015 (v. f. 190).<\/p>\n<p>3. En fin, por los argumentos antes expuestos corresponde desestimar la apelaci\u00f3n de f. 273 contra la resoluci\u00f3n de fs.\u00a0 266\/267, con costas al alimentante vencido.<\/p>\n<p><strong><span style=\"text-decoration: underline\">ASI LO VOTO.<\/span><\/strong><\/p>\n<p><strong><span style=\"text-decoration: underline\">A LA MISMA CUESTION \u00a0EL JUEZ LETTIERI \u00a0\u00a0DIJO<\/span><\/strong>:<\/p>\n<p>Que por compartir sus fundamentos, adhiere al voto que antecede.<\/p>\n<p><strong><span style=\"text-decoration: underline\">A LA\u00a0 SEGUNDA\u00a0 CUESTION\u00a0 LA JUEZA SCELZO DIJO<\/span><\/strong>:<\/p>\n<p>Corresponde desestimar la apelaci\u00f3n de f. 273 contra la resoluci\u00f3n de fs.\u00a0 266\/267, con costas al alimentante vencido (art. 68 c\u00f3d. proc) y diferimiento de la resoluci\u00f3n sobre honorarios (art. 31 y 51 dec-ley 8904\/77).<\/p>\n<p><strong>\u00a0\u00a0\u00a0\u00a0\u00a0\u00a0\u00a0\u00a0\u00a0\u00a0\u00a0 <span style=\"text-decoration: underline\">TAL MI VOTO<\/span><\/strong>.<\/p>\n<p><strong><span style=\"text-decoration: underline\">A LA MISMA CUESTION \u00a0EL JUEZ LETTIERI\u00a0 DIJO<\/span><\/strong>:<\/p>\n<p>Que adhiere al voto que antecede.<\/p>\n<p>CON\u00a0 LO QUE TERMINO EL ACUERDO, DICTANDOSE LA SIGUIENTE:<\/p>\n<p><strong>\u00a0\u00a0\u00a0\u00a0\u00a0\u00a0\u00a0\u00a0 <span style=\"text-decoration: underline\">S E N T E N C I A<\/span><\/strong><\/p>\n<p>Por\u00a0 lo que resulta del precedente Acuerdo, la C\u00e1mara <strong><span style=\"text-decoration: underline\">RESUELVE<\/span><\/strong>:<\/p>\n<p>Desestimar la apelaci\u00f3n de f. 273 contra la resoluci\u00f3n de fs.\u00a0 266\/267, con costas al alimentante vencido\u00a0 y diferimiento de la resoluci\u00f3n sobre honorarios.<\/p>\n<p>Reg\u00edstrese.\u00a0 Notif\u00edquese\u00a0\u00a0 seg\u00fan\u00a0\u00a0 corresponda (arts. 133, 135 inc. 12 y 249 \u00falt. p\u00e1rr. CPCC). Hecho, devu\u00e9lvase.<\/p>\n","protected":false},"excerpt":{"rendered":"<p>C\u00e1mara de Apelaci\u00f3n Civil y Comercial Trenque Lauquen\u00a0\u00a0\u00a0\u00a0\u00a0\u00a0\u00a0\u00a0\u00a0\u00a0\u00a0\u00a0\u00a0\u00a0\u00a0\u00a0\u00a0\u00a0\u00a0\u00a0\u00a0\u00a0\u00a0\u00a0 \u00a0 \u00a0 \u00a0 \u00a0 \u00a0 \u00a0 \u00a0 \u00a0 \u00a0 \u00a0 \u00a0 \u00a0 \u00a0 \u00a0 \u00a0 \u00a0 \u00a0 \u00a0 \u00a0 \u00a0 \u00a0 \u00a0 \u00a0 \u00a0 \u00a0 \u00a0 \u00a0 \u00a0 \u00a0 \u00a0 \u00a0 \u00a0 \u00a0 \u00a0 \u00a0 \u00a0 \u00a0 \u00a0 \u00a0 \u00a0 \u00a0 Juzgado de origen: Juzgado de Paz [&hellip;]<\/p>\n","protected":false},"author":15,"featured_media":0,"comment_status":"closed","ping_status":"open","sticky":false,"template":"","format":"standard","meta":{"footnotes":""},"categories":[1],"tags":[],"class_list":["post-7467","post","type-post","status-publish","format-standard","hentry","category-sin-categoria"],"_links":{"self":[{"href":"https:\/\/blogs.scba.gov.ar\/camaraciviltrenquelauquen\/wp-json\/wp\/v2\/posts\/7467","targetHints":{"allow":["GET"]}}],"collection":[{"href":"https:\/\/blogs.scba.gov.ar\/camaraciviltrenquelauquen\/wp-json\/wp\/v2\/posts"}],"about":[{"href":"https:\/\/blogs.scba.gov.ar\/camaraciviltrenquelauquen\/wp-json\/wp\/v2\/types\/post"}],"author":[{"embeddable":true,"href":"https:\/\/blogs.scba.gov.ar\/camaraciviltrenquelauquen\/wp-json\/wp\/v2\/users\/15"}],"replies":[{"embeddable":true,"href":"https:\/\/blogs.scba.gov.ar\/camaraciviltrenquelauquen\/wp-json\/wp\/v2\/comments?post=7467"}],"version-history":[{"count":0,"href":"https:\/\/blogs.scba.gov.ar\/camaraciviltrenquelauquen\/wp-json\/wp\/v2\/posts\/7467\/revisions"}],"wp:attachment":[{"href":"https:\/\/blogs.scba.gov.ar\/camaraciviltrenquelauquen\/wp-json\/wp\/v2\/media?parent=7467"}],"wp:term":[{"taxonomy":"category","embeddable":true,"href":"https:\/\/blogs.scba.gov.ar\/camaraciviltrenquelauquen\/wp-json\/wp\/v2\/categories?post=7467"},{"taxonomy":"post_tag","embeddable":true,"href":"https:\/\/blogs.scba.gov.ar\/camaraciviltrenquelauquen\/wp-json\/wp\/v2\/tags?post=7467"}],"curies":[{"name":"wp","href":"https:\/\/api.w.org\/{rel}","templated":true}]}}