{"id":7465,"date":"2017-08-23T17:33:50","date_gmt":"2017-08-23T17:33:50","guid":{"rendered":"http:\/\/blogs.scba.gov.ar\/camaraciviltrenquelauquen\/?p=7465"},"modified":"2017-08-23T17:33:50","modified_gmt":"2017-08-23T17:33:50","slug":"fecha-del-acuerdo-15-8-2017-3","status":"publish","type":"post","link":"https:\/\/blogs.scba.gov.ar\/camaraciviltrenquelauquen\/2017\/08\/23\/fecha-del-acuerdo-15-8-2017-3\/","title":{"rendered":"Fecha del Acuerdo: 15-8-2017."},"content":{"rendered":"<p>C\u00e1mara de Apelaci\u00f3n Civil y Comercial Trenque Lauquen\u00a0\u00a0\u00a0\u00a0\u00a0\u00a0\u00a0\u00a0\u00a0\u00a0\u00a0\u00a0\u00a0\u00a0\u00a0\u00a0\u00a0\u00a0\u00a0\u00a0\u00a0\u00a0\u00a0\u00a0 <span style=\"text-decoration: underline\">\u00a0 \u00a0 \u00a0 \u00a0 \u00a0 \u00a0 \u00a0 \u00a0 \u00a0 \u00a0 \u00a0 \u00a0 \u00a0 \u00a0 \u00a0 \u00a0 \u00a0 \u00a0 \u00a0 \u00a0 \u00a0 \u00a0 \u00a0 \u00a0 \u00a0 \u00a0 \u00a0 \u00a0 \u00a0 \u00a0 \u00a0 \u00a0 \u00a0 \u00a0 \u00a0 \u00a0 \u00a0 \u00a0 \u00a0 \u00a0 \u00a0<\/span><\/p>\n<p>Juzgado de origen: Juzgado de Paz Letrado de Hip\u00f3lito Yrigoyen<\/p>\n<p><span style=\"text-decoration: underline\">\u00a0\u00a0\u00a0\u00a0\u00a0\u00a0\u00a0\u00a0\u00a0\u00a0\u00a0\u00a0\u00a0\u00a0\u00a0\u00a0\u00a0\u00a0\u00a0\u00a0\u00a0\u00a0\u00a0\u00a0\u00a0\u00a0\u00a0\u00a0\u00a0\u00a0\u00a0\u00a0\u00a0\u00a0\u00a0\u00a0\u00a0\u00a0\u00a0\u00a0\u00a0\u00a0\u00a0\u00a0\u00a0\u00a0\u00a0\u00a0\u00a0\u00a0\u00a0\u00a0\u00a0\u00a0\u00a0\u00a0\u00a0\u00a0\u00a0\u00a0\u00a0\u00a0\u00a0\u00a0\u00a0\u00a0\u00a0\u00a0\u00a0\u00a0\u00a0\u00a0\u00a0\u00a0\u00a0\u00a0\u00a0\u00a0\u00a0\u00a0\u00a0 <\/span><\/p>\n<p><span style=\"text-decoration: underline\">Libro:<\/span> <strong>48<\/strong>&#8211; \/ <span style=\"text-decoration: underline\">Registro:<\/span> 247<\/p>\n<p><span style=\"text-decoration: underline\">\u00a0\u00a0\u00a0\u00a0\u00a0\u00a0\u00a0\u00a0\u00a0\u00a0\u00a0\u00a0\u00a0\u00a0\u00a0\u00a0\u00a0\u00a0\u00a0\u00a0\u00a0\u00a0\u00a0\u00a0\u00a0\u00a0\u00a0\u00a0\u00a0\u00a0\u00a0\u00a0\u00a0\u00a0\u00a0\u00a0\u00a0\u00a0\u00a0\u00a0\u00a0\u00a0\u00a0\u00a0\u00a0\u00a0\u00a0\u00a0\u00a0\u00a0\u00a0\u00a0\u00a0\u00a0\u00a0\u00a0\u00a0\u00a0\u00a0\u00a0\u00a0\u00a0\u00a0\u00a0\u00a0\u00a0\u00a0\u00a0\u00a0\u00a0\u00a0\u00a0\u00a0\u00a0\u00a0\u00a0\u00a0\u00a0\u00a0\u00a0\u00a0 <\/span><\/p>\n<p><span style=\"text-decoration: underline\">Autos:<\/span><strong> &#8220;FORTE, MARIA NELLY S\/ SUCESION AB INTESTATO&#8221;<\/strong><\/p>\n<p><span style=\"text-decoration: underline\">Expte.:<\/span><strong> -90385-<\/strong><\/p>\n<p><span style=\"text-decoration: underline\">\u00a0\u00a0\u00a0\u00a0\u00a0\u00a0\u00a0\u00a0\u00a0\u00a0\u00a0\u00a0\u00a0\u00a0\u00a0\u00a0\u00a0\u00a0\u00a0\u00a0\u00a0\u00a0\u00a0\u00a0\u00a0\u00a0\u00a0\u00a0\u00a0\u00a0\u00a0\u00a0\u00a0\u00a0\u00a0\u00a0\u00a0\u00a0\u00a0\u00a0\u00a0\u00a0\u00a0\u00a0\u00a0\u00a0\u00a0\u00a0\u00a0\u00a0\u00a0\u00a0\u00a0\u00a0\u00a0\u00a0\u00a0\u00a0\u00a0\u00a0\u00a0\u00a0\u00a0\u00a0\u00a0\u00a0\u00a0\u00a0\u00a0\u00a0\u00a0\u00a0\u00a0\u00a0\u00a0\u00a0\u00a0\u00a0\u00a0\u00a0\u00a0 <\/span><\/p>\n<p>En la ciudad de Trenque Lauquen, provincia\u00a0 de\u00a0 Buenos Aires,\u00a0 a\u00a0 los quince\u00a0 d\u00edas del mes de agosto de dos mil diecisiete, celebran Acuerdo\u00a0 ordinario\u00a0 los jueces\u00a0 de la C\u00e1mara de Apelaci\u00f3n en lo Civil y Comercial, Carlos A. Lettieri y Silvia E. Scelzo,\u00a0 para \u00a0dictar\u00a0 sentencia\u00a0 en\u00a0 los autos <strong>&#8220;FORTE, MARIA NELLY S\/ SUCESION AB INTESTATO&#8221;<\/strong> (expte. nro. <strong>-90385-<\/strong>), de acuerdo al orden\u00a0 de\u00a0 voto\u00a0 que surge\u00a0 del\u00a0 sorteo\u00a0 de foja 167, plante\u00e1ndose las siguientes cuestiones:<\/p>\n<p><strong><span style=\"text-decoration: underline\">PRIMERA<\/span><\/strong>:\u00a0\u00a0 \u00bfes\u00a0\u00a0 procedente\u00a0\u00a0 la\u00a0\u00a0 apelaci\u00f3n \u00a0de\u00a0 f. 164\/vta. contra la resoluci\u00f3n de fs. 163\/vta.?.<\/p>\n<p><strong><span style=\"text-decoration: underline\">SEGUNDA<\/span><\/strong>: \u00bfqu\u00e9 pronunciamiento corresponde emitir?.<\/p>\n<p><strong><span style=\"text-decoration: underline\">A LA PRIMERA CUESTION EL JUEZ LETTIERI \u00a0DIJO<\/span><\/strong>:<\/p>\n<p>Es sabido que la franquicia que acuerda el art. 48 del C\u00f3d. Proc., comprende tanto el supuesto del poder conferido que no se ha podido presentar, como el del mandato no otorgado.<\/p>\n<p>Igualmente que se trata de una facultad excepcional y por ende de interpretaci\u00f3n restrictiva porque, atendiendo a la necesidad de evitar que una parte caiga en indefensi\u00f3n cuando obst\u00e1culos moment\u00e1neamente insalvables impidan la exhibici\u00f3n en tiempo propio de un mandato debidamente expedido, o la intervenci\u00f3n personal de los patrocinados,\u00a0 autoriza el apartamiento de las reglas relativas a la representaci\u00f3n en juicio. Y que el requerimiento de una invocaci\u00f3n expresa, del beneficio establecido en dicho art\u00edculo, lejos de constituir una <em>sacralizaci\u00f3n<\/em> de la forma, constituye la \u00fanica posibilidad de dar legitimidad a una gesti\u00f3n realizada por el letrado que no ostentaba la representaci\u00f3n de los demandados (arts. 46, 47, 48 y concs. del C\u00f3d. Proc.; S.C.B.A., C. 87.820, sent. del 6-VI-2007, \u2018Muscogorry, Jorge Cristi\u00e1n c\/ Martinena, Jorge H\u00e9ctor s\/ Medidas cautelares\u2019, en Juba sumario\u00a0 B26167).<\/p>\n<p>Sin embargo, no lo es menos, que el beneficio contemplado en la norma procesal citada tiende a facilitar la comparecencia de las partes para la salvaguarda de la garant\u00eda de defensa en juicio, de modo que una interpretaci\u00f3n funcional de la norma impone que cuando la urgencia emane objetivamente de la petici\u00f3n misma o de la \u00edndole de la situaci\u00f3n procesal de que se trate, no debe frustrarse la utilizaci\u00f3n del mecanismo que puede resultar primordial para la defensa de los derechos (conf. arts. 1, 17, 18, 31, 33, 75 inc. 22 y concs. de la Constituci\u00f3n Nacional; arts. 1, 11, 15 y concs., de la Constituci\u00f3n de la Provincia de Buenos Aires; Morello-Sosa\u2013 Berizonce, \u2018C\u00f3digos \u2026\u2019, t. II-A, p\u00e1g. 910).<\/p>\n<p>En ese marco, y m\u00e1s all\u00e1 de lo que esta alzada \u2013con diferente integraci\u00f3n\u2013 pueda haber sustentado, no puede dejarse de lado lo que la Suprema Corte ha sostenido de manera reciente, en cuanto a que la denegatoria sustentada en la falta de explicitaci\u00f3n de los motivos que justificaban la aplicaci\u00f3n de tal franquicia, no resulta ajustada a derecho, atento haberse cumplido con los recaudos previstos por el mecanismo regulado en el art. 48 del ritual y a la perentoriedad del t\u00e9rmino para interponer recursos (S.C.B.A., C 102784, sent. del 22\/09\/2010, \u2018Korell, Blanca Amalia y otros c\/ Campos, Carlos Antonio y otros s\/ Ejecuci\u00f3n hipotecaria\u2019, en Juba sumario\u00a0 B33502).<\/p>\n<p>As\u00ed las cosas, si en la especie, quien dedujo recurso de reposici\u00f3n y apelaci\u00f3n en subsidio a fojas 160\/162vta., invoc\u00f3 su calidad de gestor en los t\u00e9rminos del art\u00edculo 48 del C\u00f3d. Proc., alegando la existencia de hechos o actos que imped\u00edan la actuaci\u00f3n de las partes que deb\u00edan utilizar actos procesales urgentes, con ello debe tenerse por cumplido el contenido formal de la petici\u00f3n, debiendo proveerse en consecuencia.<\/p>\n<p>Por ello, se revoca la providencia de foja 163, en cuanto fue motivo de agravios.<\/p>\n<p><strong><span style=\"text-decoration: underline\">AS\u00cd LO VOTO<\/span><\/strong>.<\/p>\n<p><strong><span style=\"text-decoration: underline\">A LA MISMA CUESTION \u00a0LA JUEZA SCELZO \u00a0\u00a0DIJO<\/span><\/strong>:<\/p>\n<p>Que por compartir sus fundamentos, adhiere al voto que antecede.<\/p>\n<p><strong><span style=\"text-decoration: underline\">A LA\u00a0 SEGUNDA\u00a0 CUESTION EL JUEZ LETTIERI DIJO<\/span><\/strong>:<\/p>\n<p>Corresponde\u00a0 revocar la providencia de foja 163 en cuanto fue motivo de agravios.<\/p>\n<p><strong>\u00a0\u00a0\u00a0\u00a0\u00a0\u00a0\u00a0\u00a0\u00a0\u00a0\u00a0 <span style=\"text-decoration: underline\">TAL MI VOTO<\/span><\/strong>.<\/p>\n<p><strong><span style=\"text-decoration: underline\">A LA MISMA CUESTION \u00a0LA JUEZA SCELZO DIJO<\/span><\/strong>:<\/p>\n<p>Que adhiere al voto que antecede.<\/p>\n<p>CON\u00a0 LO QUE TERMINO EL ACUERDO, DICTANDOSE LA SIGUIENTE:<\/p>\n<p><strong>\u00a0\u00a0\u00a0\u00a0\u00a0\u00a0\u00a0\u00a0 <span style=\"text-decoration: underline\">S E N T E N C I A<\/span><\/strong><\/p>\n<p>Por\u00a0 lo que resulta del precedente Acuerdo, la C\u00e1mara <strong><span style=\"text-decoration: underline\">RESUELVE<\/span><\/strong>:<\/p>\n<p>Revocar la providencia de foja 163 en cuanto fue motivo de agravios.<\/p>\n<p>Reg\u00edstrese.\u00a0 Notif\u00edquese\u00a0\u00a0 seg\u00fan\u00a0\u00a0 corresponda (arts. 133, 135 inc. 12 y 249 \u00falt. p\u00e1rr. CPCC). Hecho, devu\u00e9lvase.<\/p>\n","protected":false},"excerpt":{"rendered":"<p>C\u00e1mara de Apelaci\u00f3n Civil y Comercial Trenque Lauquen\u00a0\u00a0\u00a0\u00a0\u00a0\u00a0\u00a0\u00a0\u00a0\u00a0\u00a0\u00a0\u00a0\u00a0\u00a0\u00a0\u00a0\u00a0\u00a0\u00a0\u00a0\u00a0\u00a0\u00a0 \u00a0 \u00a0 \u00a0 \u00a0 \u00a0 \u00a0 \u00a0 \u00a0 \u00a0 \u00a0 \u00a0 \u00a0 \u00a0 \u00a0 \u00a0 \u00a0 \u00a0 \u00a0 \u00a0 \u00a0 \u00a0 \u00a0 \u00a0 \u00a0 \u00a0 \u00a0 \u00a0 \u00a0 \u00a0 \u00a0 \u00a0 \u00a0 \u00a0 \u00a0 \u00a0 \u00a0 \u00a0 \u00a0 \u00a0 \u00a0 \u00a0 Juzgado de origen: Juzgado de Paz [&hellip;]<\/p>\n","protected":false},"author":15,"featured_media":0,"comment_status":"closed","ping_status":"open","sticky":false,"template":"","format":"standard","meta":{"footnotes":""},"categories":[1],"tags":[],"class_list":["post-7465","post","type-post","status-publish","format-standard","hentry","category-sin-categoria"],"_links":{"self":[{"href":"https:\/\/blogs.scba.gov.ar\/camaraciviltrenquelauquen\/wp-json\/wp\/v2\/posts\/7465","targetHints":{"allow":["GET"]}}],"collection":[{"href":"https:\/\/blogs.scba.gov.ar\/camaraciviltrenquelauquen\/wp-json\/wp\/v2\/posts"}],"about":[{"href":"https:\/\/blogs.scba.gov.ar\/camaraciviltrenquelauquen\/wp-json\/wp\/v2\/types\/post"}],"author":[{"embeddable":true,"href":"https:\/\/blogs.scba.gov.ar\/camaraciviltrenquelauquen\/wp-json\/wp\/v2\/users\/15"}],"replies":[{"embeddable":true,"href":"https:\/\/blogs.scba.gov.ar\/camaraciviltrenquelauquen\/wp-json\/wp\/v2\/comments?post=7465"}],"version-history":[{"count":0,"href":"https:\/\/blogs.scba.gov.ar\/camaraciviltrenquelauquen\/wp-json\/wp\/v2\/posts\/7465\/revisions"}],"wp:attachment":[{"href":"https:\/\/blogs.scba.gov.ar\/camaraciviltrenquelauquen\/wp-json\/wp\/v2\/media?parent=7465"}],"wp:term":[{"taxonomy":"category","embeddable":true,"href":"https:\/\/blogs.scba.gov.ar\/camaraciviltrenquelauquen\/wp-json\/wp\/v2\/categories?post=7465"},{"taxonomy":"post_tag","embeddable":true,"href":"https:\/\/blogs.scba.gov.ar\/camaraciviltrenquelauquen\/wp-json\/wp\/v2\/tags?post=7465"}],"curies":[{"name":"wp","href":"https:\/\/api.w.org\/{rel}","templated":true}]}}