{"id":6521,"date":"2016-10-19T20:11:26","date_gmt":"2016-10-19T20:11:26","guid":{"rendered":"http:\/\/blogs.scba.gov.ar\/camaraciviltrenquelauquen\/?p=6521"},"modified":"2016-10-19T20:11:26","modified_gmt":"2016-10-19T20:11:26","slug":"fecha-del-acuerdo-18-10-2016","status":"publish","type":"post","link":"https:\/\/blogs.scba.gov.ar\/camaraciviltrenquelauquen\/2016\/10\/19\/fecha-del-acuerdo-18-10-2016\/","title":{"rendered":"Fecha del Acuerdo: 18-10-2016."},"content":{"rendered":"<p>C\u00e1mara de Apelaci\u00f3n Civil y Comercial Trenque Lauquen\u00a0\u00a0\u00a0\u00a0\u00a0\u00a0\u00a0\u00a0\u00a0\u00a0\u00a0\u00a0\u00a0\u00a0\u00a0\u00a0\u00a0\u00a0\u00a0\u00a0\u00a0\u00a0\u00a0\u00a0 <span style=\"text-decoration: underline\">\u00a0\u00a0\u00a0\u00a0\u00a0\u00a0\u00a0\u00a0\u00a0\u00a0\u00a0\u00a0\u00a0\u00a0\u00a0\u00a0\u00a0\u00a0\u00a0\u00a0\u00a0\u00a0\u00a0\u00a0\u00a0\u00a0\u00a0\u00a0\u00a0\u00a0\u00a0\u00a0\u00a0\u00a0\u00a0\u00a0\u00a0\u00a0\u00a0\u00a0\u00a0\u00a0\u00a0\u00a0\u00a0\u00a0 \u00a0\u00a0\u00a0\u00a0\u00a0\u00a0\u00a0\u00a0\u00a0\u00a0\u00a0\u00a0\u00a0\u00a0\u00a0\u00a0\u00a0\u00a0\u00a0\u00a0\u00a0\u00a0\u00a0\u00a0\u00a0\u00a0\u00a0\u00a0\u00a0\u00a0\u00a0\u00a0\u00a0\u00a0 <\/span><\/p>\n<p>Juzgado de origen: Juzgado de Paz Letrado de Rivadavia<\/p>\n<p><span style=\"text-decoration: underline\">\u00a0\u00a0\u00a0\u00a0\u00a0\u00a0\u00a0\u00a0\u00a0\u00a0\u00a0\u00a0\u00a0\u00a0\u00a0\u00a0\u00a0\u00a0\u00a0\u00a0\u00a0\u00a0\u00a0\u00a0\u00a0\u00a0\u00a0\u00a0\u00a0\u00a0\u00a0\u00a0\u00a0\u00a0\u00a0\u00a0\u00a0\u00a0\u00a0\u00a0\u00a0\u00a0\u00a0\u00a0\u00a0\u00a0\u00a0\u00a0\u00a0\u00a0\u00a0\u00a0\u00a0\u00a0\u00a0\u00a0\u00a0\u00a0\u00a0\u00a0\u00a0\u00a0\u00a0\u00a0\u00a0\u00a0\u00a0\u00a0\u00a0\u00a0\u00a0\u00a0\u00a0\u00a0\u00a0\u00a0\u00a0\u00a0\u00a0\u00a0\u00a0 <\/span><\/p>\n<p><span style=\"text-decoration: underline\">Libro:<\/span> <strong>47<\/strong>&#8211; \/ <span style=\"text-decoration: underline\">Registro:<\/span> 281<\/p>\n<p><span style=\"text-decoration: underline\">\u00a0\u00a0\u00a0\u00a0\u00a0\u00a0\u00a0\u00a0\u00a0\u00a0\u00a0\u00a0\u00a0\u00a0\u00a0\u00a0\u00a0\u00a0\u00a0\u00a0\u00a0\u00a0\u00a0\u00a0\u00a0\u00a0\u00a0\u00a0\u00a0\u00a0\u00a0\u00a0\u00a0\u00a0\u00a0\u00a0\u00a0\u00a0\u00a0\u00a0\u00a0\u00a0\u00a0\u00a0\u00a0\u00a0\u00a0\u00a0\u00a0\u00a0\u00a0\u00a0\u00a0\u00a0\u00a0\u00a0\u00a0\u00a0\u00a0\u00a0\u00a0\u00a0\u00a0\u00a0\u00a0\u00a0\u00a0\u00a0\u00a0\u00a0\u00a0\u00a0\u00a0\u00a0\u00a0\u00a0\u00a0\u00a0\u00a0\u00a0\u00a0 <\/span><\/p>\n<p><span style=\"text-decoration: underline\">Autos:<\/span><strong> &#8220;Z., M. B. C\/ V., O, R. JOSE S\/ ALIMENTOS&#8221;<\/strong><\/p>\n<p><span style=\"text-decoration: underline\">Expte.:<\/span><strong> -90034-<\/strong><\/p>\n<p><span style=\"text-decoration: underline\">\u00a0\u00a0\u00a0\u00a0\u00a0\u00a0\u00a0\u00a0\u00a0\u00a0\u00a0\u00a0\u00a0\u00a0\u00a0\u00a0\u00a0\u00a0\u00a0\u00a0\u00a0\u00a0\u00a0\u00a0\u00a0\u00a0\u00a0\u00a0\u00a0\u00a0\u00a0\u00a0\u00a0\u00a0\u00a0\u00a0\u00a0\u00a0\u00a0\u00a0\u00a0\u00a0\u00a0\u00a0\u00a0\u00a0\u00a0\u00a0\u00a0\u00a0\u00a0\u00a0\u00a0\u00a0\u00a0\u00a0\u00a0\u00a0\u00a0\u00a0\u00a0\u00a0\u00a0\u00a0\u00a0\u00a0\u00a0\u00a0\u00a0\u00a0\u00a0\u00a0\u00a0\u00a0\u00a0\u00a0\u00a0\u00a0\u00a0\u00a0\u00a0 <\/span>\u00a0\u00a0\u00a0\u00a0\u00a0\u00a0\u00a0\u00a0\u00a0\u00a0\u00a0<\/p>\n<p>En la ciudad de Trenque Lauquen, provincia\u00a0 de\u00a0 Buenos Aires,\u00a0 a\u00a0 los dieciocho\u00a0 d\u00edas del mes de octubre de dos mil diecis\u00e9is, celebran Acuerdo\u00a0 ordinario\u00a0 los jueces\u00a0 de la C\u00e1mara de Apelaci\u00f3n en lo Civil y Comercial, Toribio E. Sosa, Carlos A. Lettieri y Silvia E. Scelzo,\u00a0 para\u00a0 dictar\u00a0 sentencia\u00a0 en\u00a0 los autos <strong>&#8220;Z., M. B. C\/ V., O, R.\u00a0J. S\/ ALIMENTOS&#8221;<\/strong> (expte. nro. <strong>-90034-<\/strong>), de acuerdo al orden\u00a0 de\u00a0 voto\u00a0 que surge\u00a0 del\u00a0 sorteo\u00a0 de foja 282, plante\u00e1ndose las siguientes cuestiones:<\/p>\n<p><strong><span style=\"text-decoration: underline\">PRIMERA<\/span><\/strong>:\u00a0 \u00bfes\u00a0 procedente la\u00a0 apelaci\u00f3n en subsidio de fojas 159\/vta. contra la resoluci\u00f3n de foja 157?<\/p>\n<p><strong><span style=\"text-decoration: underline\">SEGUNDA<\/span><\/strong>:\u00a0 \u00bfqu\u00e9 pronunciamiento corresponde emitir?.<\/p>\n<p><strong><span style=\"text-decoration: underline\">A LA PRIMERA CUESTION EL JUEZ LETTIERI DIJO<\/span><\/strong>:<\/p>\n<p>\u00a0\u00a0\u00a0\u00a0\u00a0\u00a0\u00a0\u00a0\u00a0\u00a0\u00a0 1. El juzgado considera\u00a0 que la contestaci\u00f3n de demanda\u00a0 presentada a fojas 143\/151 vta. fue extempor\u00e1nea y -en consecuencia- dispone el desglose de dicho escrito y de la documental acompa\u00f1ada a fojas 120\/142.<\/p>\n<p>\u00a0\u00a0\u00a0\u00a0\u00a0\u00a0\u00a0\u00a0\u00a0\u00a0\u00a0 Frente a ello, el demandado interpone\u00a0 recurso de reposici\u00f3n con apelaci\u00f3n en subsidio (ver\u00a0 fs. 159\/vta.).<\/p>\n<p>\u00a0\u00a0\u00a0\u00a0\u00a0\u00a0\u00a0\u00a0\u00a0\u00a0\u00a0 Se desestima\u00a0\u00a0 la reposici\u00f3n y se concede\u00a0 la apelaci\u00f3n (ver fs. 168\/vta.).<\/p>\n<p>\u00a0\u00a0\u00a0\u00a0\u00a0\u00a0\u00a0\u00a0\u00a0\u00a0\u00a0 2. Los agravios del demandado son:<\/p>\n<p>\u00a0\u00a0\u00a0\u00a0\u00a0\u00a0\u00a0\u00a0\u00a0\u00a0\u00a0 a. una\u00a0 aplicaci\u00f3n rigurosa del art. 640 del C\u00f3digo Procesal conculca injustificadamente el derecho de defensa del demandado y obstaculiza\u00a0 la verdad material.<\/p>\n<p>\u00a0\u00a0\u00a0\u00a0\u00a0\u00a0\u00a0\u00a0\u00a0\u00a0\u00a0 b. la documental acompa\u00f1ada al contestar la demanda no obraba en su poder al momento de la celebraci\u00f3n de la audiencia del art. 636 del C\u00f3digo Procesal; la cual\u00a0 fue rechazada sin fundamento alguno; que su\u00a0 finalidad es colaborar con el proceso y no tiene ning\u00fan artilugio dilatorio.<\/p>\n<p>\u00a0\u00a0\u00a0\u00a0\u00a0\u00a0\u00a0\u00a0\u00a0\u00a0\u00a0 3. Veamos:<\/p>\n<p>\u00a0\u00a0\u00a0\u00a0\u00a0\u00a0\u00a0\u00a0\u00a0\u00a0\u00a0 Ya he dicho antes de ahora que\u00a0 es seguro que el ordenamiento procesal no contempla la prerrogativa de que el demandado tenga la carga de contestar la demanda en el juicio de alimentos, como lo hace en otros tipos de procesos (autos: &#8220;G., N. M. c\/ H., O. A. s\/ Alimentos&#8221;, L 44 R. 333, sent. del 19\/11\/2013; arg. arts. 330, 353, 484, 487, 496 del C\u00f3d. Proc.).<\/p>\n<p>\u00a0\u00a0\u00a0\u00a0\u00a0\u00a0\u00a0\u00a0\u00a0\u00a0\u00a0 Pero -dije tambi\u00e9n- sin embargo se ha admitido la contingencia del responde en atenci\u00f3n al car\u00e1cter contradictorio del proceso y la calidad de parte que en el\u00a0 mismo reviste el demandado, aunque su actuaci\u00f3n sea limitada. En ese orden de ideas, algunos fallos lo han entendido habilitado para contestar y controvertir las pretensiones de la accionante y ofrecer y agregar la prueba que hiciera a su derecho, bien que confinada por la enumeraci\u00f3n legal, explicando las razones de su oposici\u00f3n, fij\u00e1ndose como l\u00edmite temporal para desplegar tal actividad el de la celebraci\u00f3n de la audiencia preliminar del art\u00edculo 636 del C\u00f3d. Proc. (mismo fallo indicado <em>supra<\/em>, con cita de de la\u00a0 C\u00e1m. Civ. 2, sala 1, de La Plata, sent. del 25-9-2008, &#8220;Capurro, Analia Graciela c\/ Abelenda, Eduardo Cesar s\/ Alimentos&#8221;, en Juba sumario 256937).<\/p>\n<p>\u00a0\u00a0\u00a0\u00a0\u00a0\u00a0\u00a0\u00a0\u00a0\u00a0\u00a0 En suma, si bien se trata de una pr\u00e1ctica no regulada por las normas procesales, ha sido tolerada por un sector de la jurisprudencia que ha ido estirando el campo de las posibilidades otorgadas a la parte demandada por alimentos, validando su presentaci\u00f3n el d\u00eda de la audiencia mencionada (mismo fallo; Morello-Sosa-Berizonce-Tessone, &#8220;C\u00f3digos\u2026&#8221; t. X-C, p\u00e1gs. 317 y 318).<\/p>\n<p>\u00a0\u00a0\u00a0\u00a0\u00a0\u00a0\u00a0\u00a0\u00a0\u00a0\u00a0 Pero no despu\u00e9s.<\/p>\n<p>\u00a0\u00a0\u00a0\u00a0\u00a0\u00a0\u00a0\u00a0\u00a0\u00a0\u00a0 En la especie, si O.,\u00a0 concurri\u00f3 a la audiencia del art\u00edculo 636 del C\u00f3d. Proc. el d\u00eda 4 de abril de 2016, era en esa ocasi\u00f3n en que culminaba el momento procesal oportuno para ejercer las facultades del art\u00ecculo 640 del mismo cuerpo legal, as\u00ec fuera con un escrito. Por ende, su presentaci\u00f3n de fojas 143\/151vta., result\u00f3 extempor\u00e1nea y ajustado a derecho el consiguiente proceder del juzgado que orden\u00f3 su\u00a0 desglose (arg. arts. 36.1 y 155 C\u00f3d. Proc.).<\/p>\n<p>\u00a0\u00a0\u00a0\u00a0\u00a0\u00a0\u00a0\u00a0\u00a0\u00a0\u00a0 Lo que, va de suyo, genera el\u00a0 retiro de los documentos acompa\u00f1ados a\u00a0 fojas 120\/142. Esto as\u00ed, adem\u00e1s, en la medida en que se advierte que son de fecha anterior a la de la audiencia referida y que nada indica que no los hubiera tenido o podido tener en su poder a tiempo para presentarlos entonces (vgr.\u00a0 del DNI, certificaci\u00f3n de OSDE,\u00a0 comprobante de pago de la fundaci\u00f3n Nuevo Surco, datos de pr\u00e9stamos bancarios, c\u00e9dula verde, autorizaci\u00f3n para conducir, recibo de haberes; fojas 120\/127 y\u00a0 136 entre otras).<\/p>\n<p>\u00a0\u00a0\u00a0\u00a0\u00a0\u00a0\u00a0\u00a0\u00a0\u00a0\u00a0 En definitiva, m\u00e1s all\u00e1 que el derecho de defensa no cubre comportamientos\u00a0 negligentes, aquella respuesta extempor\u00e1nea no empece que llegado el caso, el\u00a0 alimentante pueda promover cualquier petici\u00f3n de disminuci\u00f3n, cesaci\u00f3n o coparticipaci\u00f3n en los alimentos, mediante el tr\u00e1mite de los incidentes, tal como lo regula el art\u00edculo 647 del C\u00f3d. Proc., desplegando en su curso todo el potencial argumentativo y probatorio que considere oportuno y necesario, a los fines que se proponga (ver fallo de esta c\u00e1mara citado <em>supra; <\/em>S.C.B.A., C 102827, sent. del 14\/09\/2011,&#8217;Argentini de Caniglia, Silvia y otro c\/Baccetti, Alberto Dami\u00e1n s\/Da\u00f1os y perjuicios&#8217;, en Juba sumario B6674).<\/p>\n<p>\u00a0\u00a0\u00a0\u00a0\u00a0\u00a0\u00a0\u00a0\u00a0\u00a0\u00a0 Por lo expuesto, corresponde confirmar\u00a0 la resoluci\u00f3n apelada de foja 157, en cuanto ha sido\u00a0 materia de agravios, con\u00a0 costas al apelante, vencido (art. 69 c\u00f3d. proc.) y diferimiento aqu\u00ed de la resoluci\u00f3n sobre honorarios (arts. 51 y 31 d-ley 8904\/77).<\/p>\n<p>\u00a0\u00a0\u00a0\u00a0\u00a0\u00a0\u00a0\u00a0\u00a0\u00a0\u00a0 <strong><span style=\"text-decoration: underline\">TAL MI VOTO<\/span><\/strong>.<\/p>\n<p><strong><span style=\"text-decoration: underline\">A LA MISMA CUESTION \u00a0EL JUEZ SOSA DIJO<\/span><\/strong>:<\/p>\n<p>\u00a0\u00a0\u00a0\u00a0\u00a0\u00a0\u00a0\u00a0\u00a0\u00a0\u00a0 El acto de\u00a0 comunicaci\u00f3n\u00a0 procesal\u00a0 llamado &#8220;traslado&#8221;\u00a0 se\u00a0 corre\u00a0 cuando\u00a0 se firma\u00a0 la providencia\u00a0 simple que le da forma y, una vez corrido, <em>ya corrido<\/em>,\u00a0 reci\u00e9n entonces, <em>luego<\/em>, <em>\u00a0se lo notifica<\/em> como corresponda por derecho (por c\u00e9dula, <em>ministerio legis<\/em>, etc.).\u00a0 Trat\u00e1ndose de un proceso de alimentos no hab\u00eda que correr ni notificar\u00a0 ning\u00fan\u00a0 traslado\u00a0 de\u00a0 demanda, ni se procedi\u00f3 as\u00ed en\u00a0 el\u00a0 <em>sub lite<\/em>, pues s\u00f3lo se fij\u00f3 y se notific\u00f3 la audiencia del art. 636 CPCC (ver c\u00e9dula a fs. 70\/71; ver mi voto en \u201cP.,\u00a0 E.G. c\/ C., J. J. s\/ Alimentos&#8221;\u00a0 16\/10\/2008 lib. 39 reg. 290).<\/p>\n<p>Uno de los riesgos de admitir una impropia contestaci\u00f3n de demanda es que, despu\u00e9s, en coherencia, ya\u00a0 desde la perspectiva\u00a0 de una contestaci\u00f3n de demanda que se ha filtrado,\u00a0 inadvertidamente se incurra en la tentaci\u00f3n de\u00a0 exigir al demandado en un proceso de alimentos todo lo que es propio de una contestaci\u00f3n de demanda en un proceso de conocimiento plenario,\u00a0 v.gr. en un proceso sumario, que ofrezca toda la prueba de modo que si \u00e9sta no es ofrecida queda fuera del proceso (ver art. 484 c\u00f3d. proc.).<\/p>\n<p>Mas, en realidad, trat\u00e1ndose de un proceso de familia como el de alimentos,\u00a0 deben imperar los principios de libertad, amplitud y flexibilidad probatorios,\u00a0 m\u00e1xime si al sentenciar se le podr\u00eda enrostrar al alimentante que pesa sobre \u00e9l la carga de la prueba (art. 710 CCyC). Admitiendo o no admitiendo una impropia \u201ccontestaci\u00f3n de demanda\u201d, ese enfoque fondal\u00a0 podr\u00eda conducir a flexibilizar la ocasi\u00f3n para el ofrecimiento de la prueba por el demandado -m\u00e1s all\u00e1 de la ocasi\u00f3n del art. 636 c\u00f3d. proc.-\u00a0 y a ampliar la prueba admisible (allende la documental y la informativa;\u00a0 art. 640 c\u00f3d. proc.), incluso bajo el manto del art. 36.2 CPCC si esto fuera necesario para dar cabida al art. 710 CCyC dentro del proceso.\u00a0 Eso as\u00ed so condici\u00f3n de que, pese a estar pendiente de producci\u00f3n la prueba ofrecida por el alimentante, igualmente deba emitirse sentencia una vez producida la prueba propuesta por la parte alimentista (art. 641 p\u00e1rrafo 1\u00b0 <em>in fine <\/em>\u00a0c\u00f3d. proc.).<\/p>\n<p>En el caso, el principio de igualdad procesal invita concretamente a flexibilizar\u00a0 y ampliar las chances probatorias del demandado, pues resulta chocante para ese principio que, en el mismo acto concentradamente,\u00a0 en base a los principios de libertad, amplitud y flexibilidad se emitiera primero una providencia haciendo lugar a cierta prueba renovadamente ofrecida por la parte actora (\u201cproveyendo al escrito de f. 119\u201d) y luego, tirando por la borda esos principios,\u00a0 se dictara\u00a0 otra providencia (\u201cproveyendo al escrito de fs. 142\/151 vta.\u201d)\u00a0 echando\u00a0 por tierra la prueba postulada por el demandado s\u00f3lo porque su \u201ccontestaci\u00f3n de demanda\u201d fue\u00a0 extempor\u00e1nea (ver fs. 119 vta.\u00a0 4 y\u00a0 157; art. 34.5.c c\u00f3d. proc.).<\/p>\n<p>Por eso, adhiero al voto que antecede en cuanto al acto de contestaci\u00f3n de demanda en s\u00ed mismo, pero no en lo referente al ofrecimiento de prueba que ese acto contiene, la que, bajo las circunstancias del caso,\u00a0 aprecio admisible mientras no retarde la emisi\u00f3n de la sentencia de m\u00e9rito (arts. 1 a 3 CCyC; arts. 34.4 y 266 c\u00f3d. proc.).<\/p>\n<p><strong><span style=\"text-decoration: underline\">ASI LO VOTO<\/span><\/strong>.<\/p>\n<p><strong><span style=\"text-decoration: underline\">A LA MISMA CUESTION LA JUEZA SCELZO DIJO<\/span><\/strong>:<\/p>\n<p>\u00a0\u00a0\u00a0\u00a0\u00a0\u00a0\u00a0\u00a0\u00a0\u00a0\u00a0 Que por compartir sus fundamentos adhiere al voto emitido en primer t\u00e9rmino.<\/p>\n<p><strong><span style=\"text-decoration: underline\">A LA\u00a0 SEGUNDA\u00a0 CUESTION EL JUEZ LETTIERI DIJO<\/span><\/strong>:<\/p>\n<p>\u00a0\u00a0\u00a0\u00a0\u00a0\u00a0\u00a0\u00a0\u00a0\u00a0\u00a0 Corresponde, habi\u00e9ndose alcanzado las mayor\u00edas necesarias,\u00a0 desestimar la apelaci\u00f3n de fojas 159\/vta. y, en consecuencia, confirmar la resoluci\u00f3n apelada de foja 57, con\u00a0 costas al apelante, vencido (art. 69 c\u00f3d. proc.) y diferimiento aqu\u00ed de la resoluci\u00f3n sobre honorarios (arts. 51 y 31 d-ley 8904\/77).<\/p>\n<p>\u00a0\u00a0\u00a0\u00a0\u00a0\u00a0\u00a0\u00a0\u00a0\u00a0\u00a0 <strong><span style=\"text-decoration: underline\">TAL MI VOTO<\/span><\/strong>.<\/p>\n<p>&nbsp;<\/p>\n<p><strong><span style=\"text-decoration: underline\">A LA MISMA CUESTION EL JUEZ SOSA DIJO<\/span><\/strong>:<\/p>\n<p>\u00a0\u00a0\u00a0\u00a0\u00a0\u00a0\u00a0\u00a0\u00a0\u00a0\u00a0 Que adhiere al voto que antecede.<\/p>\n<p><strong><span style=\"text-decoration: underline\">A LA MISMA CUESTION\u00a0 LA JUEZA SCELZO DIJO<\/span><\/strong>:<\/p>\n<p>\u00a0\u00a0\u00a0\u00a0\u00a0\u00a0\u00a0\u00a0\u00a0\u00a0\u00a0 Que adhiere al voto emitido en primer t\u00e9rmino al ser votada esta cuesti\u00f3n.<\/p>\n<p>CON\u00a0 LO QUE TERMINO EL ACUERDO, DICTANDOSE LA SIGUIENTE:<\/p>\n<p><strong>\u00a0\u00a0\u00a0\u00a0\u00a0\u00a0\u00a0\u00a0 <span style=\"text-decoration: underline\">S E N T E N C I A<\/span><\/strong><\/p>\n<p>\u00a0\u00a0\u00a0\u00a0\u00a0\u00a0\u00a0\u00a0\u00a0\u00a0\u00a0 Por\u00a0 lo que resulta del precedente Acuerdo, habi\u00e9ndose alcanzado las mayor\u00edas necesarias, la C\u00e1mara <strong><span style=\"text-decoration: underline\">RESUELVE<\/span><\/strong>:<\/p>\n<p>\u00a0\u00a0\u00a0\u00a0\u00a0\u00a0\u00a0\u00a0\u00a0\u00a0\u00a0 Desestimar la apelaci\u00f3n de fojas 159\/vta. y, en consecuencia, confirmar la resoluci\u00f3n apelada de foja 57, con\u00a0 costas al apelante, vencido y diferimiento aqu\u00ed de la resoluci\u00f3n sobre honorarios.<\/p>\n<p>\u00a0\u00a0\u00a0\u00a0\u00a0\u00a0\u00a0\u00a0\u00a0\u00a0\u00a0 Reg\u00edstrese.\u00a0 Notif\u00edquese\u00a0\u00a0 seg\u00fan\u00a0\u00a0 corresponda (arts. 133, 135 inc. 12 y 249 \u00falt. p\u00e1rr. CPCC). Hecho, devu\u00e9lvase.<\/p>\n<p>\u00a0\u00a0\u00a0\u00a0\u00a0\u00a0\u00a0 \u00a0\u00a0\u00a0\u00a0\u00a0\u00a0\u00a0\u00a0\u00a0\u00a0\u00a0\u00a0\u00a0\u00a0\u00a0\u00a0\u00a0\u00a0\u00a0\u00a0\u00a0\u00a0\u00a0\u00a0\u00a0\u00a0\u00a0\u00a0\u00a0\u00a0\u00a0\u00a0\u00a0\u00a0\u00a0\u00a0\u00a0\u00a0\u00a0\u00a0\u00a0\u00a0\u00a0\u00a0\u00a0\u00a0\u00a0\u00a0\u00a0\u00a0\u00a0\u00a0\u00a0\u00a0\u00a0\u00a0\u00a0\u00a0\u00a0\u00a0\u00a0\u00a0\u00a0\u00a0\u00a0\u00a0\u00a0\u00a0\u00a0\u00a0\u00a0\u00a0\u00a0\u00a0\u00a0\u00a0\u00a0\u00a0\u00a0\u00a0\u00a0\u00a0\u00a0\u00a0\u00a0\u00a0 \u00a0Toribio E. Sosa<\/p>\n<p>\u00a0\u00a0\u00a0\u00a0\u00a0\u00a0\u00a0\u00a0\u00a0\u00a0\u00a0\u00a0\u00a0\u00a0\u00a0\u00a0\u00a0 \u00a0\u00a0\u00a0\u00a0\u00a0\u00a0\u00a0\u00a0\u00a0\u00a0\u00a0\u00a0\u00a0\u00a0\u00a0\u00a0\u00a0\u00a0\u00a0 \u00a0\u00a0\u00a0\u00a0\u00a0\u00a0\u00a0\u00a0\u00a0\u00a0Juez<\/p>\n<p>\u00a0\u00a0\u00a0\u00a0\u00a0\u00a0\u00a0\u00a0\u00a0\u00a0\u00a0\u00a0\u00a0\u00a0\u00a0\u00a0\u00a0\u00a0 Carlos A. Lettieri<\/p>\n<p>\u00a0\u00a0\u00a0\u00a0\u00a0\u00a0\u00a0\u00a0\u00a0\u00a0\u00a0\u00a0\u00a0\u00a0\u00a0\u00a0\u00a0\u00a0\u00a0\u00a0\u00a0\u00a0\u00a0\u00a0 Juez<\/p>\n<p>&nbsp;<\/p>\n<p>\u00a0\u00a0\u00a0\u00a0\u00a0\u00a0\u00a0\u00a0\u00a0\u00a0\u00a0\u00a0\u00a0\u00a0\u00a0\u00a0\u00a0\u00a0\u00a0\u00a0\u00a0\u00a0\u00a0\u00a0\u00a0\u00a0\u00a0\u00a0\u00a0\u00a0\u00a0\u00a0\u00a0\u00a0\u00a0\u00a0\u00a0\u00a0\u00a0\u00a0\u00a0\u00a0\u00a0\u00a0\u00a0\u00a0 \u00a0 Silvia E. Scelzo<\/p>\n<p>\u00a0\u00a0\u00a0\u00a0\u00a0\u00a0 \u00a0\u00a0\u00a0\u00a0\u00a0\u00a0\u00a0\u00a0\u00a0\u00a0\u00a0\u00a0\u00a0\u00a0\u00a0\u00a0\u00a0\u00a0\u00a0\u00a0\u00a0\u00a0\u00a0\u00a0\u00a0\u00a0\u00a0\u00a0\u00a0\u00a0\u00a0\u00a0\u00a0\u00a0\u00a0\u00a0\u00a0\u00a0\u00a0 \u00a0\u00a0\u00a0\u00a0\u00a0\u00a0\u00a0\u00a0Jueza<\/p>\n<p>&nbsp;<\/p>\n<p>\u00a0\u00a0\u00a0\u00a0\u00a0 Mar\u00eda Fernanda Ripa<\/p>\n<p>\u00a0\u00a0\u00a0\u00a0\u00a0\u00a0\u00a0\u00a0\u00a0\u00a0\u00a0\u00a0 Secretar\u00eda<\/p>\n<p>&nbsp;<\/p>\n","protected":false},"excerpt":{"rendered":"<p>C\u00e1mara de Apelaci\u00f3n Civil y Comercial Trenque Lauquen\u00a0\u00a0\u00a0\u00a0\u00a0\u00a0\u00a0\u00a0\u00a0\u00a0\u00a0\u00a0\u00a0\u00a0\u00a0\u00a0\u00a0\u00a0\u00a0\u00a0\u00a0\u00a0\u00a0\u00a0 \u00a0\u00a0\u00a0\u00a0\u00a0\u00a0\u00a0\u00a0\u00a0\u00a0\u00a0\u00a0\u00a0\u00a0\u00a0\u00a0\u00a0\u00a0\u00a0\u00a0\u00a0\u00a0\u00a0\u00a0\u00a0\u00a0\u00a0\u00a0\u00a0\u00a0\u00a0\u00a0\u00a0\u00a0\u00a0\u00a0\u00a0\u00a0\u00a0\u00a0\u00a0\u00a0\u00a0\u00a0\u00a0\u00a0 \u00a0\u00a0\u00a0\u00a0\u00a0\u00a0\u00a0\u00a0\u00a0\u00a0\u00a0\u00a0\u00a0\u00a0\u00a0\u00a0\u00a0\u00a0\u00a0\u00a0\u00a0\u00a0\u00a0\u00a0\u00a0\u00a0\u00a0\u00a0\u00a0\u00a0\u00a0\u00a0\u00a0\u00a0 Juzgado de origen: Juzgado de Paz Letrado de Rivadavia \u00a0\u00a0\u00a0\u00a0\u00a0\u00a0\u00a0\u00a0\u00a0\u00a0\u00a0\u00a0\u00a0\u00a0\u00a0\u00a0\u00a0\u00a0\u00a0\u00a0\u00a0\u00a0\u00a0\u00a0\u00a0\u00a0\u00a0\u00a0\u00a0\u00a0\u00a0\u00a0\u00a0\u00a0\u00a0\u00a0\u00a0\u00a0\u00a0\u00a0\u00a0\u00a0\u00a0\u00a0\u00a0\u00a0\u00a0\u00a0\u00a0\u00a0\u00a0\u00a0\u00a0\u00a0\u00a0\u00a0\u00a0\u00a0\u00a0\u00a0\u00a0\u00a0\u00a0\u00a0\u00a0\u00a0\u00a0\u00a0\u00a0\u00a0\u00a0\u00a0\u00a0\u00a0\u00a0\u00a0\u00a0\u00a0\u00a0\u00a0\u00a0 Libro: 47&#8211; \/ Registro: 281 \u00a0\u00a0\u00a0\u00a0\u00a0\u00a0\u00a0\u00a0\u00a0\u00a0\u00a0\u00a0\u00a0\u00a0\u00a0\u00a0\u00a0\u00a0\u00a0\u00a0\u00a0\u00a0\u00a0\u00a0\u00a0\u00a0\u00a0\u00a0\u00a0\u00a0\u00a0\u00a0\u00a0\u00a0\u00a0\u00a0\u00a0\u00a0\u00a0\u00a0\u00a0\u00a0\u00a0\u00a0\u00a0\u00a0\u00a0\u00a0\u00a0\u00a0\u00a0\u00a0\u00a0\u00a0\u00a0\u00a0\u00a0\u00a0\u00a0\u00a0\u00a0\u00a0\u00a0\u00a0\u00a0\u00a0\u00a0\u00a0\u00a0\u00a0\u00a0\u00a0\u00a0\u00a0\u00a0\u00a0\u00a0\u00a0\u00a0\u00a0\u00a0 Autos: &#8220;Z., M. B. C\/ V., O, R. JOSE S\/ ALIMENTOS&#8221; Expte.: -90034- \u00a0\u00a0\u00a0\u00a0\u00a0\u00a0\u00a0\u00a0\u00a0\u00a0\u00a0\u00a0\u00a0\u00a0\u00a0\u00a0\u00a0\u00a0\u00a0\u00a0\u00a0\u00a0\u00a0\u00a0\u00a0\u00a0\u00a0\u00a0\u00a0\u00a0\u00a0\u00a0\u00a0\u00a0\u00a0\u00a0\u00a0\u00a0\u00a0\u00a0\u00a0\u00a0\u00a0\u00a0\u00a0\u00a0\u00a0\u00a0\u00a0\u00a0\u00a0\u00a0\u00a0\u00a0\u00a0\u00a0\u00a0\u00a0\u00a0\u00a0\u00a0\u00a0\u00a0\u00a0\u00a0\u00a0\u00a0\u00a0\u00a0\u00a0\u00a0\u00a0\u00a0\u00a0\u00a0\u00a0\u00a0\u00a0\u00a0\u00a0\u00a0 \u00a0\u00a0\u00a0\u00a0\u00a0\u00a0\u00a0\u00a0\u00a0\u00a0\u00a0 En la ciudad de Trenque Lauquen, provincia\u00a0 de\u00a0 Buenos Aires,\u00a0 a\u00a0 los dieciocho\u00a0 d\u00edas [&hellip;]<\/p>\n","protected":false},"author":15,"featured_media":0,"comment_status":"closed","ping_status":"open","sticky":false,"template":"","format":"standard","meta":{"footnotes":""},"categories":[1],"tags":[],"class_list":["post-6521","post","type-post","status-publish","format-standard","hentry","category-sin-categoria"],"_links":{"self":[{"href":"https:\/\/blogs.scba.gov.ar\/camaraciviltrenquelauquen\/wp-json\/wp\/v2\/posts\/6521","targetHints":{"allow":["GET"]}}],"collection":[{"href":"https:\/\/blogs.scba.gov.ar\/camaraciviltrenquelauquen\/wp-json\/wp\/v2\/posts"}],"about":[{"href":"https:\/\/blogs.scba.gov.ar\/camaraciviltrenquelauquen\/wp-json\/wp\/v2\/types\/post"}],"author":[{"embeddable":true,"href":"https:\/\/blogs.scba.gov.ar\/camaraciviltrenquelauquen\/wp-json\/wp\/v2\/users\/15"}],"replies":[{"embeddable":true,"href":"https:\/\/blogs.scba.gov.ar\/camaraciviltrenquelauquen\/wp-json\/wp\/v2\/comments?post=6521"}],"version-history":[{"count":0,"href":"https:\/\/blogs.scba.gov.ar\/camaraciviltrenquelauquen\/wp-json\/wp\/v2\/posts\/6521\/revisions"}],"wp:attachment":[{"href":"https:\/\/blogs.scba.gov.ar\/camaraciviltrenquelauquen\/wp-json\/wp\/v2\/media?parent=6521"}],"wp:term":[{"taxonomy":"category","embeddable":true,"href":"https:\/\/blogs.scba.gov.ar\/camaraciviltrenquelauquen\/wp-json\/wp\/v2\/categories?post=6521"},{"taxonomy":"post_tag","embeddable":true,"href":"https:\/\/blogs.scba.gov.ar\/camaraciviltrenquelauquen\/wp-json\/wp\/v2\/tags?post=6521"}],"curies":[{"name":"wp","href":"https:\/\/api.w.org\/{rel}","templated":true}]}}