{"id":617,"date":"2012-12-14T13:22:19","date_gmt":"2012-12-14T13:22:19","guid":{"rendered":"http:\/\/blogs.scba.gov.ar\/camaraciviltrenquelauquen\/?p=617"},"modified":"2012-12-14T13:22:19","modified_gmt":"2012-12-14T13:22:19","slug":"07-08-12-4","status":"publish","type":"post","link":"https:\/\/blogs.scba.gov.ar\/camaraciviltrenquelauquen\/2012\/12\/14\/07-08-12-4\/","title":{"rendered":"07-08-12"},"content":{"rendered":"<p>C\u00e1mara de Apelaci\u00f3n Civil y Comercial Trenque Lauquen<\/p>\n<p><span style=\"text-decoration: underline\">\u00a0\u00a0\u00a0\u00a0\u00a0\u00a0\u00a0\u00a0\u00a0\u00a0\u00a0\u00a0\u00a0\u00a0\u00a0\u00a0\u00a0\u00a0\u00a0\u00a0\u00a0\u00a0\u00a0\u00a0\u00a0\u00a0\u00a0\u00a0\u00a0\u00a0\u00a0\u00a0\u00a0\u00a0\u00a0\u00a0\u00a0\u00a0\u00a0\u00a0\u00a0\u00a0\u00a0\u00a0\u00a0\u00a0\u00a0\u00a0\u00a0\u00a0\u00a0\u00a0\u00a0\u00a0\u00a0\u00a0\u00a0\u00a0\u00a0\u00a0\u00a0\u00a0\u00a0\u00a0\u00a0\u00a0\u00a0\u00a0\u00a0\u00a0\u00a0\u00a0\u00a0\u00a0\u00a0\u00a0\u00a0\u00a0\u00a0\u00a0\u00a0 <\/span><\/p>\n<p>Juzgado de origen: Juzgado de Paz Letrado de Pellegrini<\/p>\n<p><span style=\"text-decoration: underline\">\u00a0\u00a0\u00a0\u00a0\u00a0\u00a0\u00a0\u00a0\u00a0\u00a0\u00a0\u00a0\u00a0\u00a0\u00a0\u00a0\u00a0\u00a0\u00a0\u00a0\u00a0\u00a0\u00a0\u00a0\u00a0\u00a0\u00a0\u00a0\u00a0\u00a0\u00a0\u00a0\u00a0\u00a0\u00a0\u00a0\u00a0\u00a0\u00a0\u00a0\u00a0\u00a0\u00a0\u00a0\u00a0\u00a0\u00a0\u00a0\u00a0\u00a0\u00a0\u00a0\u00a0\u00a0\u00a0\u00a0\u00a0\u00a0\u00a0\u00a0\u00a0\u00a0\u00a0\u00a0\u00a0\u00a0\u00a0\u00a0\u00a0\u00a0\u00a0\u00a0\u00a0\u00a0\u00a0\u00a0\u00a0\u00a0\u00a0\u00a0\u00a0 <\/span><\/p>\n<p><span style=\"text-decoration: underline\">Libro:<\/span> <strong>43<\/strong>&#8211; \/ <span style=\"text-decoration: underline\">Registro:<\/span> 248<\/p>\n<p><span style=\"text-decoration: underline\">\u00a0\u00a0\u00a0\u00a0\u00a0\u00a0\u00a0\u00a0\u00a0\u00a0\u00a0\u00a0\u00a0\u00a0\u00a0\u00a0\u00a0\u00a0\u00a0\u00a0\u00a0\u00a0\u00a0\u00a0\u00a0\u00a0\u00a0\u00a0\u00a0\u00a0\u00a0\u00a0\u00a0\u00a0\u00a0\u00a0\u00a0\u00a0\u00a0\u00a0\u00a0\u00a0\u00a0\u00a0\u00a0\u00a0\u00a0\u00a0\u00a0\u00a0\u00a0\u00a0\u00a0\u00a0\u00a0\u00a0\u00a0\u00a0\u00a0\u00a0\u00a0\u00a0\u00a0\u00a0\u00a0\u00a0\u00a0\u00a0\u00a0\u00a0\u00a0\u00a0\u00a0\u00a0\u00a0\u00a0\u00a0\u00a0\u00a0\u00a0\u00a0 <\/span><\/p>\n<p><span style=\"text-decoration: underline\">Autos:<\/span><strong> &#8220;RECURSO DE QUEJA EN AUTOS: ROMBO CIA FINANCIERA S.A C\/ ZABALZA, HECTOR EDUARDO S\/ SECUESTRO PRENDARIO&#8221;<\/strong><\/p>\n<p><span style=\"text-decoration: underline\">Expte.:<\/span><strong> -88228-<\/strong><\/p>\n<p><span style=\"text-decoration: underline\">\u00a0\u00a0\u00a0\u00a0\u00a0\u00a0\u00a0\u00a0\u00a0\u00a0\u00a0\u00a0\u00a0\u00a0\u00a0\u00a0\u00a0\u00a0\u00a0\u00a0\u00a0\u00a0\u00a0\u00a0\u00a0\u00a0\u00a0\u00a0\u00a0\u00a0\u00a0\u00a0\u00a0\u00a0\u00a0\u00a0\u00a0\u00a0\u00a0\u00a0\u00a0\u00a0\u00a0\u00a0\u00a0\u00a0\u00a0\u00a0\u00a0\u00a0\u00a0\u00a0\u00a0\u00a0\u00a0\u00a0\u00a0\u00a0\u00a0\u00a0\u00a0\u00a0\u00a0\u00a0\u00a0\u00a0\u00a0\u00a0\u00a0\u00a0\u00a0\u00a0\u00a0\u00a0\u00a0\u00a0\u00a0\u00a0\u00a0\u00a0\u00a0 <\/span>\u00a0\u00a0\u00a0\u00a0\u00a0\u00a0\u00a0\u00a0\u00a0\u00a0\u00a0<\/p>\n<p>En la ciudad de Trenque Lauquen, provincia\u00a0 de\u00a0 Buenos Aires,\u00a0 a\u00a0 los siete\u00a0 d\u00edas del mes de agosto de dos mil doce, se re\u00fanen en\u00a0 Acuerdo\u00a0 ordinario\u00a0 los jueces\u00a0 de la C\u00e1mara de Apelaci\u00f3n en lo Civil y Comercial, \u00a0Silvia\u00a0 E. Scelzo, Toribio E. Sosa y Carlos A. Lettieri,\u00a0 para\u00a0 dictar\u00a0 sentencia\u00a0 en\u00a0 los autos <strong>&#8220;RECURSO DE QUEJA EN AUTOS: ROMBO CIA FINANCIERA S.A C\/ ZABALZA, HECTOR EDUARDO S\/ SECUESTRO PRENDARIO&#8221;<\/strong> (expte. nro. <strong>-88228-<\/strong>), de acuerdo al orden\u00a0 de\u00a0 voto\u00a0 que surge\u00a0 del\u00a0 sorteo\u00a0 de f. 37, plante\u00e1ndose las siguientes cuestiones:<\/p>\n<p><strong><span style=\"text-decoration: underline\">PRIMERA<\/span><\/strong>: \u00bfes procedente el recurso de queja de fs. 33\/36 vta. contra la resoluci\u00f3n de fs. 32\/vta.?\u00a0\u00a0<\/p>\n<p><strong><span style=\"text-decoration: underline\">SEGUNDA<\/span><\/strong>: \u00bfqu\u00e9 pronunciamiento corresponde emitir?<\/p>\n<p><strong><span style=\"text-decoration: underline\">A LA PRIMERA CUESTION EL JUEZ LETTIERI\u00a0\u00a0 DIJO<\/span><\/strong>:<\/p>\n<p>\u00a0\u00a0\u00a0\u00a0\u00a0\u00a0\u00a0\u00a0\u00a0\u00a0\u00a0\u00a0\u00a0\u00a0\u00a0\u00a0\u00a0\u00a0 La acci\u00f3n de secuestro reglada en el art. 39 del d-ley 15.348\/46 no importa la iniciaci\u00f3n de un proceso de ejecuci\u00f3n, sino que tiene por fin que determinados acreedores prendarios consigan que sea puesta a su disposici\u00f3n la cosa objeto de la garant\u00eda,\u00a0 para su\u00a0 posterior\u00a0 venta extrajudicial en la forma prevista en el art. 585 del C\u00f3digo de Comercio\u00a0 (ver ALEGR\u00cdA, H\u00e9ctor \u201cLas garant\u00edas \u2018autoliquidables\u2019\u201d, en Revista de Derecho Privado y Comunitario, Garant\u00edas, Ed. Rubinzal-Culzoni, 1993,\u00a0 t. 2, p\u00e1g. 149 y sgtes.).<\/p>\n<p>\u00a0\u00a0\u00a0\u00a0\u00a0\u00a0\u00a0\u00a0\u00a0\u00a0\u00a0\u00a0\u00a0\u00a0\u00a0\u00a0\u00a0\u00a0 Las actuaciones judiciales terminan con la materializaci\u00f3n del secuestro\u00a0 sin que quepa al deudor\u00a0 plantear recurso alguno, lo que no afecta su derecho de defensa,\u00a0 porque su ejercicio queda diferido para\u00a0 un posterior\u00a0 juicio de conocimiento en el que podr\u00e1 hacer valer todo lo que tenga para reclamarle al acreedor (art. 39 cit.).<\/p>\n<p>\u00a0\u00a0\u00a0\u00a0\u00a0\u00a0\u00a0\u00a0\u00a0\u00a0\u00a0\u00a0\u00a0\u00a0\u00a0\u00a0\u00a0\u00a0 La apelaci\u00f3n, entonces, no ha sido mal denegada.<\/p>\n<p>\u00a0\u00a0\u00a0\u00a0\u00a0\u00a0\u00a0\u00a0\u00a0\u00a0\u00a0 <strong><span style=\"text-decoration: underline\">ASI LO VOTO<\/span><\/strong>.<\/p>\n<p><strong><span style=\"text-decoration: underline\">A LA MISMA CUESTION EL JUEZ SOSA\u00a0 DIJO<\/span><\/strong>:<\/p>\n<p>\u00a0\u00a0\u00a0\u00a0\u00a0\u00a0\u00a0\u00a0\u00a0\u00a0\u00a0 Que por compartir sus fundamentos, adhiere al voto que antecede.<\/p>\n<p><strong><span style=\"text-decoration: underline\">A LA MISMA CUESTION LA JUEZA SCELZO \u00a0DIJO<\/span><\/strong>:<\/p>\n<p>\u00a0\u00a0\u00a0\u00a0\u00a0\u00a0\u00a0\u00a0\u00a0\u00a0\u00a0 Que por compartir sus fundamentos adhiere al voto emitido en primer t\u00e9rmino.<\/p>\n<p><strong><span style=\"text-decoration: underline\">A LA\u00a0 SEGUNDA\u00a0 CUESTION\u00a0 EL JUEZ LETTIERI DIJO<\/span><\/strong>:<\/p>\n<p>\u00a0\u00a0\u00a0\u00a0\u00a0\u00a0\u00a0\u00a0\u00a0\u00a0\u00a0 Corresponde rechazar la queja interpuesta a fs. 33\/36 vta. contra la resoluci\u00f3n de fs. 32\/vta..<\/p>\n<p><strong>\u00a0\u00a0\u00a0\u00a0\u00a0\u00a0\u00a0\u00a0\u00a0\u00a0\u00a0 <span style=\"text-decoration: underline\">TAL MI VOTO<\/span><\/strong>.<\/p>\n<p><strong><span style=\"text-decoration: underline\">A LA MISMA CUESTION EL JUEZ SOSA DIJO<\/span><\/strong>:<\/p>\n<p>\u00a0\u00a0\u00a0\u00a0\u00a0\u00a0\u00a0\u00a0\u00a0\u00a0\u00a0 Que por compartir sus fundamentos, adhiere al voto que antecede.<\/p>\n<p><strong><span style=\"text-decoration: underline\">A LA MISMA CUESTION LA JUEZA SCELZO\u00a0 DIJO<\/span><\/strong>:<\/p>\n<p>\u00a0\u00a0\u00a0\u00a0\u00a0\u00a0\u00a0\u00a0\u00a0\u00a0\u00a0 Que por compartir sus fundamentos adhiere al voto emitido en primer t\u00e9rmino al ser votada esta cuesti\u00f3n.<\/p>\n<p>CON\u00a0 LO QUE TERMINO EL ACUERDO, DICTANDOSE LA SIGUIENTE:<\/p>\n<p><strong>\u00a0\u00a0\u00a0\u00a0\u00a0\u00a0\u00a0\u00a0 <span style=\"text-decoration: underline\">S E N T E N C I A<\/span><\/strong><\/p>\n<p>\u00a0\u00a0\u00a0\u00a0\u00a0\u00a0\u00a0\u00a0\u00a0\u00a0\u00a0 Por\u00a0 lo que resulta del precedente Acuerdo, la C\u00e1mara <strong><span style=\"text-decoration: underline\">RESUELVE<\/span><\/strong>:<\/p>\n<p>\u00a0\u00a0\u00a0\u00a0\u00a0\u00a0\u00a0\u00a0\u00a0\u00a0\u00a0 Rechazar la queja interpuesta a fs. 33\/36 vta. contra la resoluci\u00f3n de fs. 32\/vta..<\/p>\n<p>&nbsp;<\/p>\n<p>\u00a0\u00a0\u00a0\u00a0\u00a0\u00a0\u00a0\u00a0\u00a0\u00a0\u00a0 Reg\u00edstrese.\u00a0 Notif\u00edquese\u00a0\u00a0 seg\u00fan\u00a0\u00a0 corresponda (arts. 133, 135 inc. 12 y 249 \u00falt. p\u00e1rr. CPCC). Hecho, arch\u00edvese.<\/p>\n<p>&nbsp;<\/p>\n<p>\u00a0 \u00a0\u00a0\u00a0\u00a0\u00a0\u00a0\u00a0\u00a0\u00a0\u00a0\u00a0\u00a0\u00a0\u00a0\u00a0\u00a0\u00a0\u00a0\u00a0\u00a0\u00a0\u00a0\u00a0\u00a0\u00a0\u00a0\u00a0\u00a0\u00a0\u00a0\u00a0\u00a0 \u00a0\u00a0\u00a0\u00a0\u00a0\u00a0\u00a0Silvia Ethel Scelzo<\/p>\n<p>\u00a0\u00a0\u00a0\u00a0\u00a0\u00a0\u00a0\u00a0\u00a0\u00a0\u00a0\u00a0 \u00a0\u00a0\u00a0\u00a0\u00a0\u00a0\u00a0\u00a0\u00a0\u00a0\u00a0\u00a0\u00a0\u00a0\u00a0\u00a0\u00a0\u00a0\u00a0\u00a0\u00a0\u00a0\u00a0\u00a0\u00a0\u00a0\u00a0\u00a0\u00a0\u00a0\u00a0\u00a0\u00a0\u00a0\u00a0\u00a0\u00a0\u00a0\u00a0\u00a0\u00a0\u00a0\u00a0\u00a0\u00a0 Jueza<\/p>\n<p>&nbsp;<\/p>\n<p>&nbsp;<\/p>\n<p>\u00a0\u00a0 Toribio E. Sosa<\/p>\n<p>\u00a0\u00a0\u00a0\u00a0\u00a0\u00a0\u00a0\u00a0\u00a0\u00a0 Juez<\/p>\n<p>\u00a0\u00a0\u00a0\u00a0\u00a0\u00a0\u00a0\u00a0\u00a0\u00a0\u00a0\u00a0\u00a0\u00a0\u00a0\u00a0\u00a0\u00a0\u00a0\u00a0\u00a0\u00a0\u00a0\u00a0\u00a0\u00a0 \u00a0\u00a0\u00a0\u00a0\u00a0\u00a0\u00a0\u00a0\u00a0\u00a0\u00a0\u00a0\u00a0\u00a0\u00a0\u00a0\u00a0\u00a0\u00a0\u00a0\u00a0\u00a0\u00a0\u00a0\u00a0\u00a0\u00a0\u00a0\u00a0\u00a0\u00a0 \u00a0\u00a0\u00a0Carlos A. Lettieri<\/p>\n<p>\u00a0\u00a0\u00a0\u00a0\u00a0\u00a0\u00a0\u00a0\u00a0\u00a0\u00a0\u00a0\u00a0\u00a0\u00a0\u00a0\u00a0\u00a0\u00a0\u00a0\u00a0\u00a0\u00a0\u00a0\u00a0\u00a0\u00a0\u00a0\u00a0\u00a0\u00a0\u00a0\u00a0\u00a0\u00a0\u00a0\u00a0\u00a0\u00a0\u00a0\u00a0\u00a0\u00a0\u00a0\u00a0\u00a0 \u00a0\u00a0\u00a0\u00a0\u00a0\u00a0\u00a0\u00a0\u00a0\u00a0\u00a0\u00a0 Juez<\/p>\n<p>&nbsp;<\/p>\n<p>\u00a0\u00a0\u00a0\u00a0 Mar\u00eda Fernanda Ripa<\/p>\n<p>\u00a0\u00a0\u00a0\u00a0\u00a0\u00a0\u00a0\u00a0\u00a0\u00a0\u00a0\u00a0 Secretar\u00eda<\/p>\n","protected":false},"excerpt":{"rendered":"<p>C\u00e1mara de Apelaci\u00f3n Civil y Comercial Trenque Lauquen \u00a0\u00a0\u00a0\u00a0\u00a0\u00a0\u00a0\u00a0\u00a0\u00a0\u00a0\u00a0\u00a0\u00a0\u00a0\u00a0\u00a0\u00a0\u00a0\u00a0\u00a0\u00a0\u00a0\u00a0\u00a0\u00a0\u00a0\u00a0\u00a0\u00a0\u00a0\u00a0\u00a0\u00a0\u00a0\u00a0\u00a0\u00a0\u00a0\u00a0\u00a0\u00a0\u00a0\u00a0\u00a0\u00a0\u00a0\u00a0\u00a0\u00a0\u00a0\u00a0\u00a0\u00a0\u00a0\u00a0\u00a0\u00a0\u00a0\u00a0\u00a0\u00a0\u00a0\u00a0\u00a0\u00a0\u00a0\u00a0\u00a0\u00a0\u00a0\u00a0\u00a0\u00a0\u00a0\u00a0\u00a0\u00a0\u00a0\u00a0\u00a0 Juzgado de origen: Juzgado de Paz Letrado de Pellegrini \u00a0\u00a0\u00a0\u00a0\u00a0\u00a0\u00a0\u00a0\u00a0\u00a0\u00a0\u00a0\u00a0\u00a0\u00a0\u00a0\u00a0\u00a0\u00a0\u00a0\u00a0\u00a0\u00a0\u00a0\u00a0\u00a0\u00a0\u00a0\u00a0\u00a0\u00a0\u00a0\u00a0\u00a0\u00a0\u00a0\u00a0\u00a0\u00a0\u00a0\u00a0\u00a0\u00a0\u00a0\u00a0\u00a0\u00a0\u00a0\u00a0\u00a0\u00a0\u00a0\u00a0\u00a0\u00a0\u00a0\u00a0\u00a0\u00a0\u00a0\u00a0\u00a0\u00a0\u00a0\u00a0\u00a0\u00a0\u00a0\u00a0\u00a0\u00a0\u00a0\u00a0\u00a0\u00a0\u00a0\u00a0\u00a0\u00a0\u00a0\u00a0 Libro: 43&#8211; \/ Registro: 248 \u00a0\u00a0\u00a0\u00a0\u00a0\u00a0\u00a0\u00a0\u00a0\u00a0\u00a0\u00a0\u00a0\u00a0\u00a0\u00a0\u00a0\u00a0\u00a0\u00a0\u00a0\u00a0\u00a0\u00a0\u00a0\u00a0\u00a0\u00a0\u00a0\u00a0\u00a0\u00a0\u00a0\u00a0\u00a0\u00a0\u00a0\u00a0\u00a0\u00a0\u00a0\u00a0\u00a0\u00a0\u00a0\u00a0\u00a0\u00a0\u00a0\u00a0\u00a0\u00a0\u00a0\u00a0\u00a0\u00a0\u00a0\u00a0\u00a0\u00a0\u00a0\u00a0\u00a0\u00a0\u00a0\u00a0\u00a0\u00a0\u00a0\u00a0\u00a0\u00a0\u00a0\u00a0\u00a0\u00a0\u00a0\u00a0\u00a0\u00a0\u00a0 Autos: &#8220;RECURSO DE QUEJA EN AUTOS: ROMBO CIA FINANCIERA S.A C\/ ZABALZA, HECTOR EDUARDO S\/ SECUESTRO PRENDARIO&#8221; Expte.: -88228- \u00a0\u00a0\u00a0\u00a0\u00a0\u00a0\u00a0\u00a0\u00a0\u00a0\u00a0\u00a0\u00a0\u00a0\u00a0\u00a0\u00a0\u00a0\u00a0\u00a0\u00a0\u00a0\u00a0\u00a0\u00a0\u00a0\u00a0\u00a0\u00a0\u00a0\u00a0\u00a0\u00a0\u00a0\u00a0\u00a0\u00a0\u00a0\u00a0\u00a0\u00a0\u00a0\u00a0\u00a0\u00a0\u00a0\u00a0\u00a0\u00a0\u00a0\u00a0\u00a0\u00a0\u00a0\u00a0\u00a0\u00a0\u00a0\u00a0\u00a0\u00a0\u00a0\u00a0\u00a0\u00a0\u00a0\u00a0\u00a0\u00a0\u00a0\u00a0\u00a0\u00a0\u00a0\u00a0\u00a0\u00a0\u00a0\u00a0\u00a0\u00a0 \u00a0\u00a0\u00a0\u00a0\u00a0\u00a0\u00a0\u00a0\u00a0\u00a0\u00a0 En la ciudad de Trenque Lauquen, provincia\u00a0 de\u00a0 Buenos [&hellip;]<\/p>\n","protected":false},"author":15,"featured_media":0,"comment_status":"open","ping_status":"open","sticky":false,"template":"","format":"standard","meta":{"footnotes":""},"categories":[1],"tags":[],"class_list":["post-617","post","type-post","status-publish","format-standard","hentry","category-sin-categoria"],"_links":{"self":[{"href":"https:\/\/blogs.scba.gov.ar\/camaraciviltrenquelauquen\/wp-json\/wp\/v2\/posts\/617","targetHints":{"allow":["GET"]}}],"collection":[{"href":"https:\/\/blogs.scba.gov.ar\/camaraciviltrenquelauquen\/wp-json\/wp\/v2\/posts"}],"about":[{"href":"https:\/\/blogs.scba.gov.ar\/camaraciviltrenquelauquen\/wp-json\/wp\/v2\/types\/post"}],"author":[{"embeddable":true,"href":"https:\/\/blogs.scba.gov.ar\/camaraciviltrenquelauquen\/wp-json\/wp\/v2\/users\/15"}],"replies":[{"embeddable":true,"href":"https:\/\/blogs.scba.gov.ar\/camaraciviltrenquelauquen\/wp-json\/wp\/v2\/comments?post=617"}],"version-history":[{"count":0,"href":"https:\/\/blogs.scba.gov.ar\/camaraciviltrenquelauquen\/wp-json\/wp\/v2\/posts\/617\/revisions"}],"wp:attachment":[{"href":"https:\/\/blogs.scba.gov.ar\/camaraciviltrenquelauquen\/wp-json\/wp\/v2\/media?parent=617"}],"wp:term":[{"taxonomy":"category","embeddable":true,"href":"https:\/\/blogs.scba.gov.ar\/camaraciviltrenquelauquen\/wp-json\/wp\/v2\/categories?post=617"},{"taxonomy":"post_tag","embeddable":true,"href":"https:\/\/blogs.scba.gov.ar\/camaraciviltrenquelauquen\/wp-json\/wp\/v2\/tags?post=617"}],"curies":[{"name":"wp","href":"https:\/\/api.w.org\/{rel}","templated":true}]}}