{"id":19538,"date":"2024-02-16T15:56:00","date_gmt":"2024-02-16T15:56:00","guid":{"rendered":"http:\/\/blogs.scba.gov.ar\/camaraciviltrenquelauquen\/?p=19538"},"modified":"2024-02-16T15:56:00","modified_gmt":"2024-02-16T15:56:00","slug":"fecha-del-acuerdo-622024-9","status":"publish","type":"post","link":"https:\/\/blogs.scba.gov.ar\/camaraciviltrenquelauquen\/2024\/02\/16\/fecha-del-acuerdo-622024-9\/","title":{"rendered":"Fecha del Acuerdo: 6\/2\/2024"},"content":{"rendered":"<p>C\u00e1mara de Apelaci\u00f3n Civil y Comercial Trenque Lauquen<br \/>\n_____________________________________________________________<br \/>\nJuzgado de origen: Juzgado civil y Comercial n\u00b0 2<br \/>\n_____________________________________________________________<br \/>\nAutos: &#8220;VIGLIANCO ALICIA HAYDE Y OTRO\/A C\/ MUNTANER ANGEL HORACIO Y OTRO\/A S\/DA\u00d1OS Y PERJ. INCUMP. CONTRACTUAL (EXC. ESTADO)&#8221;<br \/>\nExpte.: -88183-<br \/>\n_____________________________________________________________<\/p>\n<p>TRENQUE LAUQUEN, fecha seg\u00fan art. 7 del Anexo \u00danico del AC 3975<br \/>\nAUTOS Y VISTOS: los recursos de apelaci\u00f3n de fecha 17\/7\/2023 y 1\/8\/2023 concedidos el 2\/8\/2023.<br \/>\nCONSIDERANDO.<br \/>\nSeg\u00fan constancias del sistema Augusta, la notificaci\u00f3n de la providencia que llama a expresar agravios del 10\/11\/2023 qued\u00f3 perfeccionada el d\u00eda 14\/11\/2023. arrancando as\u00ed el plazo para expresar agravios a partir del d\u00eda mi\u00e9rcoles 15\/11\/2023 (arts. 143, 133 y 254 c\u00f3d. proc.; art. 11 AC 3845 seg\u00fan AC 3991).<br \/>\nPor tratarse de un proceso sumario (v. providencia del 8\/9\/2011), la actora Mar\u00eda Eugenia Viglianco debi\u00f3 presentar la correspondiente expresi\u00f3n de agravios dentro de los cinco d\u00edas de perfeccionada aquella notificaci\u00f3n, venciendo ese plazo el d\u00eda jueves 23\/11\/2023 o, en el mejor de los casos, el 24\/11\/2023 dentro del plazo de gracia judicial, sin que hasta la fecha la haya tra\u00eddo (arts. 124 \u00falt. p\u00e1rr. y 254 c\u00f3d. proc.).<br \/>\nPor ello, la C\u00e1mara RESUELVE:<br \/>\n1- Declarar desierta la apelaci\u00f3n de la actora de fecha17\/7\/2023 (art. 261 c\u00f3d. proc.).<br \/>\n2- Tener por expresados los agravios de los co-demandados \u00c1ngel Horacio Muntaner y Hugo Daniel Ramos con el escrito del 17\/11\/2023.<br \/>\n3- Correr traslado de los agravios indicados en 2- a la parte apelada por cinco d\u00edas (art. 260 c\u00f3d. cit.).<br \/>\nReg\u00edstrese. Notif\u00edquese de acuerdo al art. 10 AC 4013 t.o. AC 4039. Hecho, sigan los autos seg\u00fan su estado.<br \/>\nPor hallarse vacantes la vocal\u00eda de la C\u00e1mara de Apelaci\u00f3n y Garant\u00edas en lo Penal, y a su vez la vicepresidencia y vocal\u00eda de este tribunal, se emite resoluci\u00f3n con el acuerdo alcanzado entre los jueces de la C\u00e1mara de Apelaci\u00f3n y Garant\u00edas en lo Penal en funci\u00f3n de la licencia vigente del \u00fanico magistrado que integra esta c\u00e1mara y lo dispuesto en el Acuerdo 1334 del 6\/9\/2023 suscripto por aqu\u00e9lla y esta C\u00e1mara de Apelaci\u00f3n en lo Civil y Comercial (arg. art. 34.5.e c\u00f3d. proc.).<br \/>\nREFERENCIAS:<br \/>\nFuncionario Firmante: 06\/02\/2024 11:02:33 &#8211; GINI Jorge Juan Manuel &#8211; JUEZ<br \/>\nFuncionario Firmante: 06\/02\/2024 11:46:27 &#8211; LETTIERI Carlos Alberto &#8211; JUEZ<br \/>\nFuncionario Firmante: 06\/02\/2024 12:17:48 &#8211; QUINTANA Maria Del Valle &#8211; AUXILIAR LETRADO<br \/>\n\u20307H\u00e8mH#IM0s\u0160<br \/>\n234000774003414516<br \/>\nCAMARA DE APELACION EN LO CIVIL Y COMERCIAL &#8211; TRENQUE LAUQUEN<br \/>\nNO CONTIENE ARCHIVOS ADJUNTOS<br \/>\nRegistrado en REGISTRO DE RESOLUCIONES el 06\/02\/2024 12:17:57 hs. bajo el n\u00famero RR-10-2024 por TL\\mariadelvalleccivil.<\/p>\n","protected":false},"excerpt":{"rendered":"<p>C\u00e1mara de Apelaci\u00f3n Civil y Comercial Trenque Lauquen _____________________________________________________________ Juzgado de origen: Juzgado civil y Comercial n\u00b0 2 _____________________________________________________________ Autos: &#8220;VIGLIANCO ALICIA HAYDE Y OTRO\/A C\/ MUNTANER ANGEL HORACIO Y OTRO\/A S\/DA\u00d1OS Y PERJ. INCUMP. CONTRACTUAL (EXC. ESTADO)&#8221; Expte.: -88183- _____________________________________________________________ TRENQUE LAUQUEN, fecha seg\u00fan art. 7 del Anexo \u00danico del AC 3975 AUTOS Y [&hellip;]<\/p>\n","protected":false},"author":15,"featured_media":0,"comment_status":"closed","ping_status":"open","sticky":false,"template":"","format":"standard","meta":{"footnotes":""},"categories":[1],"tags":[],"class_list":["post-19538","post","type-post","status-publish","format-standard","hentry","category-sin-categoria"],"_links":{"self":[{"href":"https:\/\/blogs.scba.gov.ar\/camaraciviltrenquelauquen\/wp-json\/wp\/v2\/posts\/19538","targetHints":{"allow":["GET"]}}],"collection":[{"href":"https:\/\/blogs.scba.gov.ar\/camaraciviltrenquelauquen\/wp-json\/wp\/v2\/posts"}],"about":[{"href":"https:\/\/blogs.scba.gov.ar\/camaraciviltrenquelauquen\/wp-json\/wp\/v2\/types\/post"}],"author":[{"embeddable":true,"href":"https:\/\/blogs.scba.gov.ar\/camaraciviltrenquelauquen\/wp-json\/wp\/v2\/users\/15"}],"replies":[{"embeddable":true,"href":"https:\/\/blogs.scba.gov.ar\/camaraciviltrenquelauquen\/wp-json\/wp\/v2\/comments?post=19538"}],"version-history":[{"count":0,"href":"https:\/\/blogs.scba.gov.ar\/camaraciviltrenquelauquen\/wp-json\/wp\/v2\/posts\/19538\/revisions"}],"wp:attachment":[{"href":"https:\/\/blogs.scba.gov.ar\/camaraciviltrenquelauquen\/wp-json\/wp\/v2\/media?parent=19538"}],"wp:term":[{"taxonomy":"category","embeddable":true,"href":"https:\/\/blogs.scba.gov.ar\/camaraciviltrenquelauquen\/wp-json\/wp\/v2\/categories?post=19538"},{"taxonomy":"post_tag","embeddable":true,"href":"https:\/\/blogs.scba.gov.ar\/camaraciviltrenquelauquen\/wp-json\/wp\/v2\/tags?post=19538"}],"curies":[{"name":"wp","href":"https:\/\/api.w.org\/{rel}","templated":true}]}}