{"id":197,"date":"2014-10-10T15:35:34","date_gmt":"2014-10-10T15:35:34","guid":{"rendered":"http:\/\/blogs.scba.gov.ar\/camaracivilnecochea\/?p=197"},"modified":"2014-10-10T15:35:34","modified_gmt":"2014-10-10T15:35:34","slug":"danos-responsabilidad-medica","status":"publish","type":"post","link":"https:\/\/blogs.scba.gov.ar\/camaracivilnecochea\/2014\/10\/10\/danos-responsabilidad-medica\/","title":{"rendered":"Da\u00f1os. Responsabilidad m\u00e9dica"},"content":{"rendered":"<p>&nbsp;<\/p>\n<p class=\"MsoNormal\" style=\"margin-bottom: 18.0pt;text-align: justify;line-height: 18.0pt;background: white\"><span style=\"font-family: 'Arial','sans-serif';color: #333333\" lang=\"ES-PE\">La C\u00e1mara<\/span><span style=\"font-family: 'Arial','sans-serif';color: #333333\" lang=\"ES-PE\"> de Apelaciones Civil y Comercial de Necochea, con fecha <span>\u00a0<\/span><span>\u00a0<\/span>9 de\u00a0septiembre de 2014, confirma <\/span><span style=\"font-family: 'Arial','sans-serif'\" lang=\"ES\">la sentencia de grado de da\u00f1os y perjuicios en cuando condena a los demandados S. D. C., O. J. C., Municipalidad de Lober\u00eda y L. Compa\u00f1\u00eda de Seguros Sociedad An\u00f3nima, y se <span>modifica<em> <\/em><\/span>en cuanto al monto de condena.<\/span><\/p>\n<p class=\"MsoNormal\" style=\"margin-bottom: 18.0pt;text-align: justify;line-height: 18.0pt;background: white\">(Se concedi\u00f3 recurso extraordinario de inaplicabilidad de ley; Reg. Int. 240 (R) de fecha 09\/10\/14.)<\/p>\n<p><a href=\"http:\/\/blogs.scba.gov.ar\/camaracivilnecochea\/wp-content\/uploads\/sites\/11\/2014\/10\/9558.pdf\">Expte. 9558<\/a><\/p>\n","protected":false},"excerpt":{"rendered":"<p>&nbsp; La C\u00e1mara de Apelaciones Civil y Comercial de Necochea, con fecha \u00a0\u00a09 de\u00a0septiembre de 2014, confirma la sentencia de grado de da\u00f1os y perjuicios en cuando condena a los demandados S. D. C., O. J. C., Municipalidad de Lober\u00eda y L. Compa\u00f1\u00eda de Seguros Sociedad An\u00f3nima, y se modifica en cuanto al monto de [&hellip;]<\/p>\n","protected":false},"author":10,"featured_media":0,"comment_status":"open","ping_status":"open","sticky":false,"template":"","format":"standard","meta":{"footnotes":""},"categories":[1],"tags":[58,194],"class_list":["post-197","post","type-post","status-publish","format-standard","hentry","category-sin-categoria","tag-danos","tag-responsabilidad-medica"],"_links":{"self":[{"href":"https:\/\/blogs.scba.gov.ar\/camaracivilnecochea\/wp-json\/wp\/v2\/posts\/197","targetHints":{"allow":["GET"]}}],"collection":[{"href":"https:\/\/blogs.scba.gov.ar\/camaracivilnecochea\/wp-json\/wp\/v2\/posts"}],"about":[{"href":"https:\/\/blogs.scba.gov.ar\/camaracivilnecochea\/wp-json\/wp\/v2\/types\/post"}],"author":[{"embeddable":true,"href":"https:\/\/blogs.scba.gov.ar\/camaracivilnecochea\/wp-json\/wp\/v2\/users\/10"}],"replies":[{"embeddable":true,"href":"https:\/\/blogs.scba.gov.ar\/camaracivilnecochea\/wp-json\/wp\/v2\/comments?post=197"}],"version-history":[{"count":0,"href":"https:\/\/blogs.scba.gov.ar\/camaracivilnecochea\/wp-json\/wp\/v2\/posts\/197\/revisions"}],"wp:attachment":[{"href":"https:\/\/blogs.scba.gov.ar\/camaracivilnecochea\/wp-json\/wp\/v2\/media?parent=197"}],"wp:term":[{"taxonomy":"category","embeddable":true,"href":"https:\/\/blogs.scba.gov.ar\/camaracivilnecochea\/wp-json\/wp\/v2\/categories?post=197"},{"taxonomy":"post_tag","embeddable":true,"href":"https:\/\/blogs.scba.gov.ar\/camaracivilnecochea\/wp-json\/wp\/v2\/tags?post=197"}],"curies":[{"name":"wp","href":"https:\/\/api.w.org\/{rel}","templated":true}]}}