{"id":5205,"date":"2025-12-11T15:28:54","date_gmt":"2025-12-11T15:28:54","guid":{"rendered":"http:\/\/blogs.scba.gov.ar\/camaracivil2laplata\/?p=5114"},"modified":"2025-12-16T09:41:14","modified_gmt":"2025-12-16T12:41:14","slug":"excepcion-a-la-inapelabilidad-del-art-377-del-cpcc","status":"publish","type":"post","link":"https:\/\/blogs.scba.gov.ar\/camaracivil2laplata\/2025\/12\/11\/excepcion-a-la-inapelabilidad-del-art-377-del-cpcc\/","title":{"rendered":"Excepci\u00f3n a la inapelabilidad del art. 377 del CPCC."},"content":{"rendered":"\n<p>La Sala Tercera de esta C\u00e1mara Segunda, integrada por su Presidente, Dr. Agust\u00edn Francisco Hankovits, resolvi\u00f3, en la causa 141.233-1, hacer lugar a la queja como excepci\u00f3n a la inapelabilidad del art. 377 del CPCC, en protecci\u00f3n al derecho de defensa en juicio frente a un posible exceso de las facultades jurisdiccionales.<\/p>\n\n\n\n<p>Fallo completo:\u00a0<a href=\"http:\/\/blogs.scba.gov.ar\/camaracivil2laplata\/wp-content\/uploads\/sites\/8\/2025\/12\/141223-1.pdf\">141223-1<\/a><\/p>\n","protected":false},"excerpt":{"rendered":"<p>La Sala Tercera de esta C\u00e1mara Segunda, integrada por su Presidente, Dr. Agust\u00edn Francisco Hankovits, resolvi\u00f3, en la causa 141.233-1, hacer lugar a la queja como excepci\u00f3n a la inapelabilidad del art. 377 del CPCC, en protecci\u00f3n al derecho de defensa en juicio frente a un posible exceso de las facultades jurisdiccionales. Fallo completo:\u00a0141223-1<\/p>\n","protected":false},"author":7,"featured_media":0,"comment_status":"closed","ping_status":"open","sticky":false,"template":"","format":"standard","meta":{"footnotes":""},"categories":[1],"tags":[],"class_list":["post-5205","post","type-post","status-publish","format-standard","hentry","category-sin-categoria"],"_links":{"self":[{"href":"https:\/\/blogs.scba.gov.ar\/camaracivil2laplata\/wp-json\/wp\/v2\/posts\/5205","targetHints":{"allow":["GET"]}}],"collection":[{"href":"https:\/\/blogs.scba.gov.ar\/camaracivil2laplata\/wp-json\/wp\/v2\/posts"}],"about":[{"href":"https:\/\/blogs.scba.gov.ar\/camaracivil2laplata\/wp-json\/wp\/v2\/types\/post"}],"author":[{"embeddable":true,"href":"https:\/\/blogs.scba.gov.ar\/camaracivil2laplata\/wp-json\/wp\/v2\/users\/7"}],"replies":[{"embeddable":true,"href":"https:\/\/blogs.scba.gov.ar\/camaracivil2laplata\/wp-json\/wp\/v2\/comments?post=5205"}],"version-history":[{"count":1,"href":"https:\/\/blogs.scba.gov.ar\/camaracivil2laplata\/wp-json\/wp\/v2\/posts\/5205\/revisions"}],"predecessor-version":[{"id":5221,"href":"https:\/\/blogs.scba.gov.ar\/camaracivil2laplata\/wp-json\/wp\/v2\/posts\/5205\/revisions\/5221"}],"wp:attachment":[{"href":"https:\/\/blogs.scba.gov.ar\/camaracivil2laplata\/wp-json\/wp\/v2\/media?parent=5205"}],"wp:term":[{"taxonomy":"category","embeddable":true,"href":"https:\/\/blogs.scba.gov.ar\/camaracivil2laplata\/wp-json\/wp\/v2\/categories?post=5205"},{"taxonomy":"post_tag","embeddable":true,"href":"https:\/\/blogs.scba.gov.ar\/camaracivil2laplata\/wp-json\/wp\/v2\/tags?post=5205"}],"curies":[{"name":"wp","href":"https:\/\/api.w.org\/{rel}","templated":true}]}}