{"id":5020,"date":"2025-07-01T16:21:00","date_gmt":"2025-07-01T16:21:00","guid":{"rendered":"http:\/\/blogs.scba.gov.ar\/camaracivil2laplata\/?p=5020"},"modified":"2025-07-01T16:21:00","modified_gmt":"2025-07-01T16:21:00","slug":"cese-de-cuota-alimentaria-perspectiva-de-genero-adultos-mayores","status":"publish","type":"post","link":"https:\/\/blogs.scba.gov.ar\/camaracivil2laplata\/2025\/07\/01\/cese-de-cuota-alimentaria-perspectiva-de-genero-adultos-mayores\/","title":{"rendered":"Cese de cuota alimentaria. Perspectiva de g\u00e9nero. Adultos mayores."},"content":{"rendered":"<p>La Sala Primera de esta C\u00e1mara, integrada por los doctores Jaime Oscar L\u00f3pez Muro, y Ricardo Daniel Sosa Aubone, en la causa Y. R. E. C\/ M. G. T. S\/ INCIDENTE DE ALIMENTOS (causa: 139680-1), en fecha 24\/06\/2025 resolvi\u00f3 hacer lugar al recurso de apelaci\u00f3n interpuesto, rechazando el cese de la cuota alimentaria. Para arribar a tal resoluci\u00f3n, se analiz\u00f3 el articulo 434 del CCyCN a la luz de la autonom\u00eda de la voluntad y acuerdo entre partes, teniendo presente la perspectiva de g\u00e9nero para arribar a una soluci\u00f3n justa y equitativa entre las partes. En esta l\u00ednea, procedi\u00f3 el estudio bajo los principios protectorios de nuestra manda constitucional, hacia los adultos mayores, integrado con la perspectiva de g\u00e9nero para alcanzar la soluci\u00f3n propuesta.<\/p>\n<p>&nbsp;<\/p>\n<p>Fallo completo:\u00a0<a href=\"http:\/\/blogs.scba.gov.ar\/camaracivil2laplata\/wp-content\/uploads\/sites\/8\/2025\/07\/causa.pdf\">causa<\/a><\/p>\n","protected":false},"excerpt":{"rendered":"<p>La Sala Primera de esta C\u00e1mara, integrada por los doctores Jaime Oscar L\u00f3pez Muro, y Ricardo Daniel Sosa Aubone, en la causa Y. R. E. C\/ M. G. T. S\/ INCIDENTE DE ALIMENTOS (causa: 139680-1), en fecha 24\/06\/2025 resolvi\u00f3 hacer lugar al recurso de apelaci\u00f3n interpuesto, rechazando el cese de la cuota alimentaria. Para arribar [&hellip;]<\/p>\n","protected":false},"author":7,"featured_media":0,"comment_status":"closed","ping_status":"open","sticky":false,"template":"","format":"standard","meta":{"footnotes":""},"categories":[1],"tags":[],"class_list":["post-5020","post","type-post","status-publish","format-standard","hentry","category-sin-categoria"],"_links":{"self":[{"href":"https:\/\/blogs.scba.gov.ar\/camaracivil2laplata\/wp-json\/wp\/v2\/posts\/5020","targetHints":{"allow":["GET"]}}],"collection":[{"href":"https:\/\/blogs.scba.gov.ar\/camaracivil2laplata\/wp-json\/wp\/v2\/posts"}],"about":[{"href":"https:\/\/blogs.scba.gov.ar\/camaracivil2laplata\/wp-json\/wp\/v2\/types\/post"}],"author":[{"embeddable":true,"href":"https:\/\/blogs.scba.gov.ar\/camaracivil2laplata\/wp-json\/wp\/v2\/users\/7"}],"replies":[{"embeddable":true,"href":"https:\/\/blogs.scba.gov.ar\/camaracivil2laplata\/wp-json\/wp\/v2\/comments?post=5020"}],"version-history":[{"count":0,"href":"https:\/\/blogs.scba.gov.ar\/camaracivil2laplata\/wp-json\/wp\/v2\/posts\/5020\/revisions"}],"wp:attachment":[{"href":"https:\/\/blogs.scba.gov.ar\/camaracivil2laplata\/wp-json\/wp\/v2\/media?parent=5020"}],"wp:term":[{"taxonomy":"category","embeddable":true,"href":"https:\/\/blogs.scba.gov.ar\/camaracivil2laplata\/wp-json\/wp\/v2\/categories?post=5020"},{"taxonomy":"post_tag","embeddable":true,"href":"https:\/\/blogs.scba.gov.ar\/camaracivil2laplata\/wp-json\/wp\/v2\/tags?post=5020"}],"curies":[{"name":"wp","href":"https:\/\/api.w.org\/{rel}","templated":true}]}}