{"id":5016,"date":"2025-07-01T15:46:52","date_gmt":"2025-07-01T15:46:52","guid":{"rendered":"http:\/\/blogs.scba.gov.ar\/camaracivil2laplata\/?p=5016"},"modified":"2025-07-01T15:46:52","modified_gmt":"2025-07-01T15:46:52","slug":"plazo-para-contestar-demanda","status":"publish","type":"post","link":"https:\/\/blogs.scba.gov.ar\/camaracivil2laplata\/2025\/07\/01\/plazo-para-contestar-demanda\/","title":{"rendered":"Plazo para contestar demanda."},"content":{"rendered":"<p>La Sala Tercera de esta C\u00e1mara de Apelaciones, en la causa 140.260, revoc\u00f3 la decisi\u00f3n de primera instancia que declar\u00f3 extempor\u00e1nea la contestaci\u00f3n de demanda, ordenando tenerla por contestada en t\u00e9rmino, al considerar que el c\u00f3mputo del plazo deb\u00eda ajustarse a la Acordada N\u00b0 4039 de la SCBA, que establece un per\u00edodo de cinco d\u00edas h\u00e1biles para la descarga de documentaci\u00f3n antes de que comience a correr el plazo para contestar.<\/p>\n<p>Fallo completo:\u00a0<a href=\"http:\/\/blogs.scba.gov.ar\/camaracivil2laplata\/wp-content\/uploads\/sites\/8\/2025\/07\/Causa-2.pdf\">Causa<\/a><\/p>\n","protected":false},"excerpt":{"rendered":"<p>La Sala Tercera de esta C\u00e1mara de Apelaciones, en la causa 140.260, revoc\u00f3 la decisi\u00f3n de primera instancia que declar\u00f3 extempor\u00e1nea la contestaci\u00f3n de demanda, ordenando tenerla por contestada en t\u00e9rmino, al considerar que el c\u00f3mputo del plazo deb\u00eda ajustarse a la Acordada N\u00b0 4039 de la SCBA, que establece un per\u00edodo de cinco d\u00edas [&hellip;]<\/p>\n","protected":false},"author":7,"featured_media":0,"comment_status":"closed","ping_status":"open","sticky":false,"template":"","format":"standard","meta":{"footnotes":""},"categories":[1],"tags":[],"class_list":["post-5016","post","type-post","status-publish","format-standard","hentry","category-sin-categoria"],"_links":{"self":[{"href":"https:\/\/blogs.scba.gov.ar\/camaracivil2laplata\/wp-json\/wp\/v2\/posts\/5016","targetHints":{"allow":["GET"]}}],"collection":[{"href":"https:\/\/blogs.scba.gov.ar\/camaracivil2laplata\/wp-json\/wp\/v2\/posts"}],"about":[{"href":"https:\/\/blogs.scba.gov.ar\/camaracivil2laplata\/wp-json\/wp\/v2\/types\/post"}],"author":[{"embeddable":true,"href":"https:\/\/blogs.scba.gov.ar\/camaracivil2laplata\/wp-json\/wp\/v2\/users\/7"}],"replies":[{"embeddable":true,"href":"https:\/\/blogs.scba.gov.ar\/camaracivil2laplata\/wp-json\/wp\/v2\/comments?post=5016"}],"version-history":[{"count":0,"href":"https:\/\/blogs.scba.gov.ar\/camaracivil2laplata\/wp-json\/wp\/v2\/posts\/5016\/revisions"}],"wp:attachment":[{"href":"https:\/\/blogs.scba.gov.ar\/camaracivil2laplata\/wp-json\/wp\/v2\/media?parent=5016"}],"wp:term":[{"taxonomy":"category","embeddable":true,"href":"https:\/\/blogs.scba.gov.ar\/camaracivil2laplata\/wp-json\/wp\/v2\/categories?post=5016"},{"taxonomy":"post_tag","embeddable":true,"href":"https:\/\/blogs.scba.gov.ar\/camaracivil2laplata\/wp-json\/wp\/v2\/tags?post=5016"}],"curies":[{"name":"wp","href":"https:\/\/api.w.org\/{rel}","templated":true}]}}