{"id":5012,"date":"2025-07-01T15:40:50","date_gmt":"2025-07-01T15:40:50","guid":{"rendered":"http:\/\/blogs.scba.gov.ar\/camaracivil2laplata\/?p=5012"},"modified":"2025-07-01T15:40:50","modified_gmt":"2025-07-01T15:40:50","slug":"derecho-de-retencion-en-el-desalojo","status":"publish","type":"post","link":"https:\/\/blogs.scba.gov.ar\/camaracivil2laplata\/2025\/07\/01\/derecho-de-retencion-en-el-desalojo\/","title":{"rendered":"Derecho de retenci\u00f3n en el desalojo."},"content":{"rendered":"<p>Con fecha 1 de julio d 2025, la Sala Tercera integrada por el Sr. Presidente de la C\u00e1mara Dr. Francisco A. Hankovits -por licencia de uno de sus vocales- y el Dr. Andres A. Soto, dict\u00f3 resoluci\u00f3n, en la causa 140.270, revocando la de la instancia de origen y orden\u00f3 se de curso a la defensa de derecho de retenci\u00f3n articulada, debiendo resolverse sobre la misma en la oportunidad de dictarse sentencia definitiva.<\/p>\n<p>Fallo completo:\u00a0<a href=\"http:\/\/blogs.scba.gov.ar\/camaracivil2laplata\/wp-content\/uploads\/sites\/8\/2025\/07\/Causa-1.pdf\">Causa<\/a><\/p>\n","protected":false},"excerpt":{"rendered":"<p>Con fecha 1 de julio d 2025, la Sala Tercera integrada por el Sr. Presidente de la C\u00e1mara Dr. Francisco A. Hankovits -por licencia de uno de sus vocales- y el Dr. Andres A. Soto, dict\u00f3 resoluci\u00f3n, en la causa 140.270, revocando la de la instancia de origen y orden\u00f3 se de curso a la [&hellip;]<\/p>\n","protected":false},"author":7,"featured_media":0,"comment_status":"closed","ping_status":"open","sticky":false,"template":"","format":"standard","meta":{"footnotes":""},"categories":[1],"tags":[],"class_list":["post-5012","post","type-post","status-publish","format-standard","hentry","category-sin-categoria"],"_links":{"self":[{"href":"https:\/\/blogs.scba.gov.ar\/camaracivil2laplata\/wp-json\/wp\/v2\/posts\/5012","targetHints":{"allow":["GET"]}}],"collection":[{"href":"https:\/\/blogs.scba.gov.ar\/camaracivil2laplata\/wp-json\/wp\/v2\/posts"}],"about":[{"href":"https:\/\/blogs.scba.gov.ar\/camaracivil2laplata\/wp-json\/wp\/v2\/types\/post"}],"author":[{"embeddable":true,"href":"https:\/\/blogs.scba.gov.ar\/camaracivil2laplata\/wp-json\/wp\/v2\/users\/7"}],"replies":[{"embeddable":true,"href":"https:\/\/blogs.scba.gov.ar\/camaracivil2laplata\/wp-json\/wp\/v2\/comments?post=5012"}],"version-history":[{"count":0,"href":"https:\/\/blogs.scba.gov.ar\/camaracivil2laplata\/wp-json\/wp\/v2\/posts\/5012\/revisions"}],"wp:attachment":[{"href":"https:\/\/blogs.scba.gov.ar\/camaracivil2laplata\/wp-json\/wp\/v2\/media?parent=5012"}],"wp:term":[{"taxonomy":"category","embeddable":true,"href":"https:\/\/blogs.scba.gov.ar\/camaracivil2laplata\/wp-json\/wp\/v2\/categories?post=5012"},{"taxonomy":"post_tag","embeddable":true,"href":"https:\/\/blogs.scba.gov.ar\/camaracivil2laplata\/wp-json\/wp\/v2\/tags?post=5012"}],"curies":[{"name":"wp","href":"https:\/\/api.w.org\/{rel}","templated":true}]}}