{"id":5008,"date":"2025-07-01T15:31:37","date_gmt":"2025-07-01T15:31:37","guid":{"rendered":"http:\/\/blogs.scba.gov.ar\/camaracivil2laplata\/?p=5008"},"modified":"2025-07-01T15:31:37","modified_gmt":"2025-07-01T15:31:37","slug":"perito-necesidad-de-patrocinio-letrado","status":"publish","type":"post","link":"https:\/\/blogs.scba.gov.ar\/camaracivil2laplata\/2025\/07\/01\/perito-necesidad-de-patrocinio-letrado\/","title":{"rendered":"Perito: necesidad de patrocinio letrado."},"content":{"rendered":"<p>Con fecha 1 de julio d 2025, la Sala Tercera de esta C\u00e1mara, integrada por el Sr. Presidente de la C\u00e1mara Dr. Francisco A. Hankovits -por licencia de uno de sus vocales- y el Dr. Andres A. Soto, dict\u00f3 resoluci\u00f3n en la causa 120.172, donde, previo al\u00a0 an\u00e1lisis de suficiencia y procedencia del recurso de apelaci\u00f3n impetrado por la perita, se le requiri\u00f3 contar con el debido patrocinio letrado en los t\u00e9rminos del art\u00edculo 56 del CPCC.<\/p>\n<p>&nbsp;<\/p>\n<p>Fallo completo:\u00a0<a href=\"http:\/\/blogs.scba.gov.ar\/camaracivil2laplata\/wp-content\/uploads\/sites\/8\/2025\/07\/Causa-.pdf\">Causa<\/a><\/p>\n","protected":false},"excerpt":{"rendered":"<p>Con fecha 1 de julio d 2025, la Sala Tercera de esta C\u00e1mara, integrada por el Sr. Presidente de la C\u00e1mara Dr. Francisco A. Hankovits -por licencia de uno de sus vocales- y el Dr. Andres A. Soto, dict\u00f3 resoluci\u00f3n en la causa 120.172, donde, previo al\u00a0 an\u00e1lisis de suficiencia y procedencia del recurso de [&hellip;]<\/p>\n","protected":false},"author":7,"featured_media":0,"comment_status":"closed","ping_status":"open","sticky":false,"template":"","format":"standard","meta":{"footnotes":""},"categories":[1],"tags":[],"class_list":["post-5008","post","type-post","status-publish","format-standard","hentry","category-sin-categoria"],"_links":{"self":[{"href":"https:\/\/blogs.scba.gov.ar\/camaracivil2laplata\/wp-json\/wp\/v2\/posts\/5008","targetHints":{"allow":["GET"]}}],"collection":[{"href":"https:\/\/blogs.scba.gov.ar\/camaracivil2laplata\/wp-json\/wp\/v2\/posts"}],"about":[{"href":"https:\/\/blogs.scba.gov.ar\/camaracivil2laplata\/wp-json\/wp\/v2\/types\/post"}],"author":[{"embeddable":true,"href":"https:\/\/blogs.scba.gov.ar\/camaracivil2laplata\/wp-json\/wp\/v2\/users\/7"}],"replies":[{"embeddable":true,"href":"https:\/\/blogs.scba.gov.ar\/camaracivil2laplata\/wp-json\/wp\/v2\/comments?post=5008"}],"version-history":[{"count":0,"href":"https:\/\/blogs.scba.gov.ar\/camaracivil2laplata\/wp-json\/wp\/v2\/posts\/5008\/revisions"}],"wp:attachment":[{"href":"https:\/\/blogs.scba.gov.ar\/camaracivil2laplata\/wp-json\/wp\/v2\/media?parent=5008"}],"wp:term":[{"taxonomy":"category","embeddable":true,"href":"https:\/\/blogs.scba.gov.ar\/camaracivil2laplata\/wp-json\/wp\/v2\/categories?post=5008"},{"taxonomy":"post_tag","embeddable":true,"href":"https:\/\/blogs.scba.gov.ar\/camaracivil2laplata\/wp-json\/wp\/v2\/tags?post=5008"}],"curies":[{"name":"wp","href":"https:\/\/api.w.org\/{rel}","templated":true}]}}