{"id":4958,"date":"2025-03-11T15:47:54","date_gmt":"2025-03-11T15:47:54","guid":{"rendered":"http:\/\/blogs.scba.gov.ar\/camaracivil2laplata\/?p=4958"},"modified":"2025-03-11T15:47:54","modified_gmt":"2025-03-11T15:47:54","slug":"apremio-titulo-ejecutivo-procedimiento-previo-irregularidad-nulidad","status":"publish","type":"post","link":"https:\/\/blogs.scba.gov.ar\/camaracivil2laplata\/2025\/03\/11\/apremio-titulo-ejecutivo-procedimiento-previo-irregularidad-nulidad\/","title":{"rendered":"Apremio. T\u00edtulo ejecutivo. Procedimiento previo. Irregularidad. Nulidad"},"content":{"rendered":"<p>Con fecha 18\/02\/2025, la Sala Primera de esta C\u00e1mara -por mayor\u00eda interviniendo el Sr. Presidente del tribunal (por disidencia) en la causa 138356, revoc\u00f3 la sentencia de grado declarando la nulidad del t\u00edtulo ejecutivo y rechaz\u00f3 la acci\u00f3n de apremio intentada, imponiendo las costas a la parte ejecutante. En la sentencia los integrantes del presente tribunal, analizan los caracteres del t\u00edtulo ejecutivo presentado por la accionante y, la posibilidad de conocimiento que el mismo habilita, referida a la obligaci\u00f3n del cual dimana y la v\u00eda procesal elegida.<\/p>\n<p>Fallo completo:\u00a0<a href=\"http:\/\/blogs.scba.gov.ar\/camaracivil2laplata\/wp-content\/uploads\/sites\/8\/2025\/03\/1383561.pdf\">138356<\/a><\/p>\n","protected":false},"excerpt":{"rendered":"<p>Con fecha 18\/02\/2025, la Sala Primera de esta C\u00e1mara -por mayor\u00eda interviniendo el Sr. Presidente del tribunal (por disidencia) en la causa 138356, revoc\u00f3 la sentencia de grado declarando la nulidad del t\u00edtulo ejecutivo y rechaz\u00f3 la acci\u00f3n de apremio intentada, imponiendo las costas a la parte ejecutante. En la sentencia los integrantes del presente [&hellip;]<\/p>\n","protected":false},"author":7,"featured_media":0,"comment_status":"closed","ping_status":"open","sticky":false,"template":"","format":"standard","meta":{"footnotes":""},"categories":[1],"tags":[],"class_list":["post-4958","post","type-post","status-publish","format-standard","hentry","category-sin-categoria"],"_links":{"self":[{"href":"https:\/\/blogs.scba.gov.ar\/camaracivil2laplata\/wp-json\/wp\/v2\/posts\/4958","targetHints":{"allow":["GET"]}}],"collection":[{"href":"https:\/\/blogs.scba.gov.ar\/camaracivil2laplata\/wp-json\/wp\/v2\/posts"}],"about":[{"href":"https:\/\/blogs.scba.gov.ar\/camaracivil2laplata\/wp-json\/wp\/v2\/types\/post"}],"author":[{"embeddable":true,"href":"https:\/\/blogs.scba.gov.ar\/camaracivil2laplata\/wp-json\/wp\/v2\/users\/7"}],"replies":[{"embeddable":true,"href":"https:\/\/blogs.scba.gov.ar\/camaracivil2laplata\/wp-json\/wp\/v2\/comments?post=4958"}],"version-history":[{"count":0,"href":"https:\/\/blogs.scba.gov.ar\/camaracivil2laplata\/wp-json\/wp\/v2\/posts\/4958\/revisions"}],"wp:attachment":[{"href":"https:\/\/blogs.scba.gov.ar\/camaracivil2laplata\/wp-json\/wp\/v2\/media?parent=4958"}],"wp:term":[{"taxonomy":"category","embeddable":true,"href":"https:\/\/blogs.scba.gov.ar\/camaracivil2laplata\/wp-json\/wp\/v2\/categories?post=4958"},{"taxonomy":"post_tag","embeddable":true,"href":"https:\/\/blogs.scba.gov.ar\/camaracivil2laplata\/wp-json\/wp\/v2\/tags?post=4958"}],"curies":[{"name":"wp","href":"https:\/\/api.w.org\/{rel}","templated":true}]}}