{"id":4881,"date":"2024-11-21T15:03:12","date_gmt":"2024-11-21T15:03:12","guid":{"rendered":"http:\/\/blogs.scba.gov.ar\/camaracivil2laplata\/?p=4881"},"modified":"2024-11-21T15:03:12","modified_gmt":"2024-11-21T15:03:12","slug":"prescripcion-de-la-ejecutoria-plazo-quinquenal-modificacion-de-plazos-por-ley-posterior","status":"publish","type":"post","link":"https:\/\/blogs.scba.gov.ar\/camaracivil2laplata\/2024\/11\/21\/prescripcion-de-la-ejecutoria-plazo-quinquenal-modificacion-de-plazos-por-ley-posterior\/","title":{"rendered":"Prescripci\u00f3n de la ejecutoria. Plazo quinquenal. Modificaci\u00f3n de plazos por ley posterior."},"content":{"rendered":"<p>Con fecha 21\/11\/2024, la Sala Tercera de esta C\u00e1mara resolvi\u00f3 declarar prescripta la acci\u00f3n ejecutoria de la sentencia por aplicaci\u00f3n del plazo de cinco a\u00f1os, previsto en el art\u00edculo 2560 del C\u00f3digo Civil y Comercial de la Naci\u00f3n.<\/p>\n<p>Fallo completo:\u00a0<a href=\"http:\/\/blogs.scba.gov.ar\/camaracivil2laplata\/wp-content\/uploads\/sites\/8\/2024\/11\/103394.pdf\">103394<\/a><\/p>\n","protected":false},"excerpt":{"rendered":"<p>Con fecha 21\/11\/2024, la Sala Tercera de esta C\u00e1mara resolvi\u00f3 declarar prescripta la acci\u00f3n ejecutoria de la sentencia por aplicaci\u00f3n del plazo de cinco a\u00f1os, previsto en el art\u00edculo 2560 del C\u00f3digo Civil y Comercial de la Naci\u00f3n. Fallo completo:\u00a0103394<\/p>\n","protected":false},"author":7,"featured_media":0,"comment_status":"closed","ping_status":"open","sticky":false,"template":"","format":"standard","meta":{"footnotes":""},"categories":[1],"tags":[],"class_list":["post-4881","post","type-post","status-publish","format-standard","hentry","category-sin-categoria"],"_links":{"self":[{"href":"https:\/\/blogs.scba.gov.ar\/camaracivil2laplata\/wp-json\/wp\/v2\/posts\/4881","targetHints":{"allow":["GET"]}}],"collection":[{"href":"https:\/\/blogs.scba.gov.ar\/camaracivil2laplata\/wp-json\/wp\/v2\/posts"}],"about":[{"href":"https:\/\/blogs.scba.gov.ar\/camaracivil2laplata\/wp-json\/wp\/v2\/types\/post"}],"author":[{"embeddable":true,"href":"https:\/\/blogs.scba.gov.ar\/camaracivil2laplata\/wp-json\/wp\/v2\/users\/7"}],"replies":[{"embeddable":true,"href":"https:\/\/blogs.scba.gov.ar\/camaracivil2laplata\/wp-json\/wp\/v2\/comments?post=4881"}],"version-history":[{"count":0,"href":"https:\/\/blogs.scba.gov.ar\/camaracivil2laplata\/wp-json\/wp\/v2\/posts\/4881\/revisions"}],"wp:attachment":[{"href":"https:\/\/blogs.scba.gov.ar\/camaracivil2laplata\/wp-json\/wp\/v2\/media?parent=4881"}],"wp:term":[{"taxonomy":"category","embeddable":true,"href":"https:\/\/blogs.scba.gov.ar\/camaracivil2laplata\/wp-json\/wp\/v2\/categories?post=4881"},{"taxonomy":"post_tag","embeddable":true,"href":"https:\/\/blogs.scba.gov.ar\/camaracivil2laplata\/wp-json\/wp\/v2\/tags?post=4881"}],"curies":[{"name":"wp","href":"https:\/\/api.w.org\/{rel}","templated":true}]}}