{"id":4792,"date":"2024-10-29T15:04:59","date_gmt":"2024-10-29T15:04:59","guid":{"rendered":"http:\/\/blogs.scba.gov.ar\/camaracivil2laplata\/?p=4792"},"modified":"2024-10-29T15:04:59","modified_gmt":"2024-10-29T15:04:59","slug":"medidas-de-prueba-art-377-cpcc","status":"publish","type":"post","link":"https:\/\/blogs.scba.gov.ar\/camaracivil2laplata\/2024\/10\/29\/medidas-de-prueba-art-377-cpcc\/","title":{"rendered":"Medidas de Prueba &#8211;  Art. 377 CPCC"},"content":{"rendered":"<p dir=\"ltr\">La Sala II hizo lugar a la queja por denegaci\u00f3n de apelaci\u00f3n contra la admisi\u00f3n de prueba documental en Primera Instancia en un proceso sumario. Para as\u00ed decidir, el Tribunal tuvo en cuenta que la irrecurribilidad del art\u00edculo 377 C\u00f3digo Procesal Civil y Comercial encuentra justificaci\u00f3n en la posterior posibilidad de replanteo de prueba en C\u00e1mara (art 255 cit cod); la que en el caso puntual no se halla prevista para el recurrente.<\/p>\n<div>\u00a0Fallo completo:\u00a0<a href=\"http:\/\/blogs.scba.gov.ar\/camaracivil2laplata\/wp-content\/uploads\/sites\/8\/2024\/10\/Fallo-Completo.pdf\">Fallo Completo<\/a><\/div>\n","protected":false},"excerpt":{"rendered":"<p>La Sala II hizo lugar a la queja por denegaci\u00f3n de apelaci\u00f3n contra la admisi\u00f3n de prueba documental en Primera Instancia en un proceso sumario. Para as\u00ed decidir, el Tribunal tuvo en cuenta que la irrecurribilidad del art\u00edculo 377 C\u00f3digo Procesal Civil y Comercial encuentra justificaci\u00f3n en la posterior posibilidad de replanteo de prueba en [&hellip;]<\/p>\n","protected":false},"author":7,"featured_media":0,"comment_status":"closed","ping_status":"open","sticky":false,"template":"","format":"standard","meta":{"footnotes":""},"categories":[1],"tags":[],"class_list":["post-4792","post","type-post","status-publish","format-standard","hentry","category-sin-categoria"],"_links":{"self":[{"href":"https:\/\/blogs.scba.gov.ar\/camaracivil2laplata\/wp-json\/wp\/v2\/posts\/4792","targetHints":{"allow":["GET"]}}],"collection":[{"href":"https:\/\/blogs.scba.gov.ar\/camaracivil2laplata\/wp-json\/wp\/v2\/posts"}],"about":[{"href":"https:\/\/blogs.scba.gov.ar\/camaracivil2laplata\/wp-json\/wp\/v2\/types\/post"}],"author":[{"embeddable":true,"href":"https:\/\/blogs.scba.gov.ar\/camaracivil2laplata\/wp-json\/wp\/v2\/users\/7"}],"replies":[{"embeddable":true,"href":"https:\/\/blogs.scba.gov.ar\/camaracivil2laplata\/wp-json\/wp\/v2\/comments?post=4792"}],"version-history":[{"count":0,"href":"https:\/\/blogs.scba.gov.ar\/camaracivil2laplata\/wp-json\/wp\/v2\/posts\/4792\/revisions"}],"wp:attachment":[{"href":"https:\/\/blogs.scba.gov.ar\/camaracivil2laplata\/wp-json\/wp\/v2\/media?parent=4792"}],"wp:term":[{"taxonomy":"category","embeddable":true,"href":"https:\/\/blogs.scba.gov.ar\/camaracivil2laplata\/wp-json\/wp\/v2\/categories?post=4792"},{"taxonomy":"post_tag","embeddable":true,"href":"https:\/\/blogs.scba.gov.ar\/camaracivil2laplata\/wp-json\/wp\/v2\/tags?post=4792"}],"curies":[{"name":"wp","href":"https:\/\/api.w.org\/{rel}","templated":true}]}}