{"id":4773,"date":"2024-10-22T22:06:08","date_gmt":"2024-10-22T22:06:08","guid":{"rendered":"http:\/\/blogs.scba.gov.ar\/camaracivil2laplata\/?p=4773"},"modified":"2024-10-22T22:06:08","modified_gmt":"2024-10-22T22:06:08","slug":"prohibicion-de-patrocinar-o-asesorar-a-ambos-litigantes-simultaneamente","status":"publish","type":"post","link":"https:\/\/blogs.scba.gov.ar\/camaracivil2laplata\/2024\/10\/22\/prohibicion-de-patrocinar-o-asesorar-a-ambos-litigantes-simultaneamente\/","title":{"rendered":"Prohibici\u00f3n de patrocinar o asesorar a ambos litigantes simult\u00e1neamente."},"content":{"rendered":"<p>Con fecha 10\/10\/24, la Sala Segunda de esta C\u00e1mara, en la causa n\u00famero 135878, caratulada C. H. M. S\/ \u00b7\u00b7SUCESION\u201d\u00a0confirm\u00f3 la resoluci\u00f3n de primera instancia que orden\u00f3 la re adecuaci\u00f3n del patrocinio letrado a los herederos del causante que se presentaron a contestar el traslado del pedido de leg\u00edtimo abono con el mismo letrado patrocinante que el acreedor solicitante. Consider\u00f3 que tal actuaci\u00f3n simult\u00e1nea importa una violacion al art 60 inciso 1 ley 5177<\/p>\n<p>Fallo Completo:\u00a0<a href=\"http:\/\/blogs.scba.gov.ar\/camaracivil2laplata\/wp-content\/uploads\/sites\/8\/2024\/10\/135878.pdf\">135878<\/a><\/p>\n","protected":false},"excerpt":{"rendered":"<p>Con fecha 10\/10\/24, la Sala Segunda de esta C\u00e1mara, en la causa n\u00famero 135878, caratulada C. H. M. S\/ \u00b7\u00b7SUCESION\u201d\u00a0confirm\u00f3 la resoluci\u00f3n de primera instancia que orden\u00f3 la re adecuaci\u00f3n del patrocinio letrado a los herederos del causante que se presentaron a contestar el traslado del pedido de leg\u00edtimo abono con el mismo letrado patrocinante [&hellip;]<\/p>\n","protected":false},"author":7,"featured_media":0,"comment_status":"closed","ping_status":"open","sticky":false,"template":"","format":"standard","meta":{"footnotes":""},"categories":[1],"tags":[],"class_list":["post-4773","post","type-post","status-publish","format-standard","hentry","category-sin-categoria"],"_links":{"self":[{"href":"https:\/\/blogs.scba.gov.ar\/camaracivil2laplata\/wp-json\/wp\/v2\/posts\/4773","targetHints":{"allow":["GET"]}}],"collection":[{"href":"https:\/\/blogs.scba.gov.ar\/camaracivil2laplata\/wp-json\/wp\/v2\/posts"}],"about":[{"href":"https:\/\/blogs.scba.gov.ar\/camaracivil2laplata\/wp-json\/wp\/v2\/types\/post"}],"author":[{"embeddable":true,"href":"https:\/\/blogs.scba.gov.ar\/camaracivil2laplata\/wp-json\/wp\/v2\/users\/7"}],"replies":[{"embeddable":true,"href":"https:\/\/blogs.scba.gov.ar\/camaracivil2laplata\/wp-json\/wp\/v2\/comments?post=4773"}],"version-history":[{"count":0,"href":"https:\/\/blogs.scba.gov.ar\/camaracivil2laplata\/wp-json\/wp\/v2\/posts\/4773\/revisions"}],"wp:attachment":[{"href":"https:\/\/blogs.scba.gov.ar\/camaracivil2laplata\/wp-json\/wp\/v2\/media?parent=4773"}],"wp:term":[{"taxonomy":"category","embeddable":true,"href":"https:\/\/blogs.scba.gov.ar\/camaracivil2laplata\/wp-json\/wp\/v2\/categories?post=4773"},{"taxonomy":"post_tag","embeddable":true,"href":"https:\/\/blogs.scba.gov.ar\/camaracivil2laplata\/wp-json\/wp\/v2\/tags?post=4773"}],"curies":[{"name":"wp","href":"https:\/\/api.w.org\/{rel}","templated":true}]}}