{"id":2393,"date":"2021-04-19T16:57:08","date_gmt":"2021-04-19T16:57:08","guid":{"rendered":"http:\/\/blogs.scba.gov.ar\/camaracivil2laplata\/?p=2393"},"modified":"2021-04-19T16:57:08","modified_gmt":"2021-04-19T16:57:08","slug":"medida-de-no-innovar-consecuencias-aspo-en-contrato-de-alquiler-acumulacion","status":"publish","type":"post","link":"https:\/\/blogs.scba.gov.ar\/camaracivil2laplata\/2021\/04\/19\/medida-de-no-innovar-consecuencias-aspo-en-contrato-de-alquiler-acumulacion\/","title":{"rendered":"MEDIDA DE NO INNOVAR. CONSECUENCIAS ASPO EN CONTRATO DE ALQUILER. ACUMULACION."},"content":{"rendered":"<p>La Sala Primera de la C\u00e1mara Segunda de Apelaci\u00f3n de La Plata, en autos caratulados\u00a0\u00a0\u00a0<strong>&#8221; <\/strong>AULETTA SA\u00a0 C\/ SAN JENARO CONSTRUCTORA SA\u00a0 S\/ FIJACION DE CANON LOCATIVO Y CONSIGNACION DE SUMAS DE DINERO\u201d\u00a0 causa128888<strong>\u00a0 <\/strong>), resolvi\u00f3 \u00a0\u00a0acumular la pretensi\u00f3n \u00a0de cesaci\u00f3n del pago del precio -por aplicaci\u00f3n el art 1203 CCCN- o reducci\u00f3n del canon locativo de un restaurante durante el ASPO, y consignaci\u00f3n de los alquileres posteriores, \u00a0con el desalojo por falta de pago que inici\u00f3 el locador, a fin de mantener en la tenencia del inmueble al inquilino, hasta tanto se decida su pretensi\u00f3n.<\/p>\n<p>Fallo completo:\u00a0<a href=\"http:\/\/blogs.scba.gov.ar\/camaracivil2laplata\/wp-content\/uploads\/sites\/8\/2021\/04\/128888.pdf\">128888<\/a><\/p>\n","protected":false},"excerpt":{"rendered":"<p>La Sala Primera de la C\u00e1mara Segunda de Apelaci\u00f3n de La Plata, en autos caratulados\u00a0\u00a0\u00a0&#8221; AULETTA SA\u00a0 C\/ SAN JENARO CONSTRUCTORA SA\u00a0 S\/ FIJACION DE CANON LOCATIVO Y CONSIGNACION DE SUMAS DE DINERO\u201d\u00a0 causa128888\u00a0 ), resolvi\u00f3 \u00a0\u00a0acumular la pretensi\u00f3n \u00a0de cesaci\u00f3n del pago del precio -por aplicaci\u00f3n el art 1203 CCCN- o reducci\u00f3n del canon [&hellip;]<\/p>\n","protected":false},"author":7,"featured_media":0,"comment_status":"closed","ping_status":"open","sticky":false,"template":"","format":"standard","meta":{"footnotes":""},"categories":[1],"tags":[],"class_list":["post-2393","post","type-post","status-publish","format-standard","hentry","category-sin-categoria"],"_links":{"self":[{"href":"https:\/\/blogs.scba.gov.ar\/camaracivil2laplata\/wp-json\/wp\/v2\/posts\/2393","targetHints":{"allow":["GET"]}}],"collection":[{"href":"https:\/\/blogs.scba.gov.ar\/camaracivil2laplata\/wp-json\/wp\/v2\/posts"}],"about":[{"href":"https:\/\/blogs.scba.gov.ar\/camaracivil2laplata\/wp-json\/wp\/v2\/types\/post"}],"author":[{"embeddable":true,"href":"https:\/\/blogs.scba.gov.ar\/camaracivil2laplata\/wp-json\/wp\/v2\/users\/7"}],"replies":[{"embeddable":true,"href":"https:\/\/blogs.scba.gov.ar\/camaracivil2laplata\/wp-json\/wp\/v2\/comments?post=2393"}],"version-history":[{"count":0,"href":"https:\/\/blogs.scba.gov.ar\/camaracivil2laplata\/wp-json\/wp\/v2\/posts\/2393\/revisions"}],"wp:attachment":[{"href":"https:\/\/blogs.scba.gov.ar\/camaracivil2laplata\/wp-json\/wp\/v2\/media?parent=2393"}],"wp:term":[{"taxonomy":"category","embeddable":true,"href":"https:\/\/blogs.scba.gov.ar\/camaracivil2laplata\/wp-json\/wp\/v2\/categories?post=2393"},{"taxonomy":"post_tag","embeddable":true,"href":"https:\/\/blogs.scba.gov.ar\/camaracivil2laplata\/wp-json\/wp\/v2\/tags?post=2393"}],"curies":[{"name":"wp","href":"https:\/\/api.w.org\/{rel}","templated":true}]}}