{"id":2368,"date":"2021-04-08T18:33:42","date_gmt":"2021-04-08T18:33:42","guid":{"rendered":"http:\/\/blogs.scba.gov.ar\/camaracivil2laplata\/?p=2368"},"modified":"2021-04-08T18:33:42","modified_gmt":"2021-04-08T18:33:42","slug":"nombre-cambio-de-nombre-identidad-dinamica-y-socioafectiva","status":"publish","type":"post","link":"https:\/\/blogs.scba.gov.ar\/camaracivil2laplata\/2021\/04\/08\/nombre-cambio-de-nombre-identidad-dinamica-y-socioafectiva\/","title":{"rendered":"Nombre. Cambio de nombre. Identidad din\u00e1mica y socioafectiva"},"content":{"rendered":"<p>Con fecha 6 de abril de 2021, la Sala Tercera, integrada por los Dres. Laura M. Larumbe y Andr\u00e9s A. Soto, dict\u00f3 sentencia en la causa 128.774. En la misma hizo lugar a la demanda del actor y, en consecuencia, admiti\u00f3 el cambio de su segundo nombre por el de su padre afectivo, y el de su apellido por el apellido de su progenitora.<\/p>\n<p><a href=\"http:\/\/blogs.scba.gov.ar\/camaracivil2laplata\/wp-content\/uploads\/sites\/8\/2021\/04\/Causa-128774.pdf\">Causa 128774<\/a><\/p>\n","protected":false},"excerpt":{"rendered":"<p>Con fecha 6 de abril de 2021, la Sala Tercera, integrada por los Dres. Laura M. Larumbe y Andr\u00e9s A. Soto, dict\u00f3 sentencia en la causa 128.774. En la misma hizo lugar a la demanda del actor y, en consecuencia, admiti\u00f3 el cambio de su segundo nombre por el de su padre afectivo, y el [&hellip;]<\/p>\n","protected":false},"author":7,"featured_media":0,"comment_status":"closed","ping_status":"open","sticky":false,"template":"","format":"standard","meta":{"footnotes":""},"categories":[1],"tags":[],"class_list":["post-2368","post","type-post","status-publish","format-standard","hentry","category-sin-categoria"],"_links":{"self":[{"href":"https:\/\/blogs.scba.gov.ar\/camaracivil2laplata\/wp-json\/wp\/v2\/posts\/2368","targetHints":{"allow":["GET"]}}],"collection":[{"href":"https:\/\/blogs.scba.gov.ar\/camaracivil2laplata\/wp-json\/wp\/v2\/posts"}],"about":[{"href":"https:\/\/blogs.scba.gov.ar\/camaracivil2laplata\/wp-json\/wp\/v2\/types\/post"}],"author":[{"embeddable":true,"href":"https:\/\/blogs.scba.gov.ar\/camaracivil2laplata\/wp-json\/wp\/v2\/users\/7"}],"replies":[{"embeddable":true,"href":"https:\/\/blogs.scba.gov.ar\/camaracivil2laplata\/wp-json\/wp\/v2\/comments?post=2368"}],"version-history":[{"count":0,"href":"https:\/\/blogs.scba.gov.ar\/camaracivil2laplata\/wp-json\/wp\/v2\/posts\/2368\/revisions"}],"wp:attachment":[{"href":"https:\/\/blogs.scba.gov.ar\/camaracivil2laplata\/wp-json\/wp\/v2\/media?parent=2368"}],"wp:term":[{"taxonomy":"category","embeddable":true,"href":"https:\/\/blogs.scba.gov.ar\/camaracivil2laplata\/wp-json\/wp\/v2\/categories?post=2368"},{"taxonomy":"post_tag","embeddable":true,"href":"https:\/\/blogs.scba.gov.ar\/camaracivil2laplata\/wp-json\/wp\/v2\/tags?post=2368"}],"curies":[{"name":"wp","href":"https:\/\/api.w.org\/{rel}","templated":true}]}}