{"id":2316,"date":"2021-03-22T16:44:49","date_gmt":"2021-03-22T16:44:49","guid":{"rendered":"http:\/\/blogs.scba.gov.ar\/camaracivil2laplata\/?p=2316"},"modified":"2021-03-22T16:44:49","modified_gmt":"2021-03-22T16:44:49","slug":"sucesiones-prorroga-de-jurisdiccion-de-capital-a-provincia","status":"publish","type":"post","link":"https:\/\/blogs.scba.gov.ar\/camaracivil2laplata\/2021\/03\/22\/sucesiones-prorroga-de-jurisdiccion-de-capital-a-provincia\/","title":{"rendered":"Sucesiones. Pr\u00f3rroga de jurisdicci\u00f3n de Capital a Provincia."},"content":{"rendered":"<p>La Sala Primera de la C\u00e1mara Segunda de Apelaci\u00f3n de La Plata, en autos caratulados\u00a0\u00a0\u00a0BERSAIS MARIA MARTA S\/ SUCESION AB-INTESTATO\u201d [c. 128805] admiti\u00f3 la pr\u00f3rroga de jurisdicci\u00f3n de una sucesi\u00f3n a La Plata, cuando el bien se encuentra en Olavarr\u00eda y el domicilio de la causante en Capital, pues el buen Servicio de justicia justifica facilitar al justiciable el acceso y el tr\u00e1mite. Si ambos hijos, con patrocinio de uno de ellos, peticionan realizar la sucesi\u00f3n del otro progenitor en el mismo juzgado donde tramit\u00f3 la del padre, ciudad donde adem\u00e1s vive y litiga la hija abogada, y el juez es competente por raz\u00f3n de la materia y el grado, no se observa raz\u00f3n que justifique el rechazo de la radicaci\u00f3n en este Departamento Judicial.<\/p>\n<p>Fallo completo:\u00a0<a href=\"http:\/\/blogs.scba.gov.ar\/camaracivil2laplata\/wp-content\/uploads\/sites\/8\/2021\/03\/128805.pdf\">128805<\/a><\/p>\n","protected":false},"excerpt":{"rendered":"<p>La Sala Primera de la C\u00e1mara Segunda de Apelaci\u00f3n de La Plata, en autos caratulados\u00a0\u00a0\u00a0BERSAIS MARIA MARTA S\/ SUCESION AB-INTESTATO\u201d [c. 128805] admiti\u00f3 la pr\u00f3rroga de jurisdicci\u00f3n de una sucesi\u00f3n a La Plata, cuando el bien se encuentra en Olavarr\u00eda y el domicilio de la causante en Capital, pues el buen Servicio de justicia justifica [&hellip;]<\/p>\n","protected":false},"author":7,"featured_media":0,"comment_status":"closed","ping_status":"open","sticky":false,"template":"","format":"standard","meta":{"footnotes":""},"categories":[1],"tags":[],"class_list":["post-2316","post","type-post","status-publish","format-standard","hentry","category-sin-categoria"],"_links":{"self":[{"href":"https:\/\/blogs.scba.gov.ar\/camaracivil2laplata\/wp-json\/wp\/v2\/posts\/2316","targetHints":{"allow":["GET"]}}],"collection":[{"href":"https:\/\/blogs.scba.gov.ar\/camaracivil2laplata\/wp-json\/wp\/v2\/posts"}],"about":[{"href":"https:\/\/blogs.scba.gov.ar\/camaracivil2laplata\/wp-json\/wp\/v2\/types\/post"}],"author":[{"embeddable":true,"href":"https:\/\/blogs.scba.gov.ar\/camaracivil2laplata\/wp-json\/wp\/v2\/users\/7"}],"replies":[{"embeddable":true,"href":"https:\/\/blogs.scba.gov.ar\/camaracivil2laplata\/wp-json\/wp\/v2\/comments?post=2316"}],"version-history":[{"count":0,"href":"https:\/\/blogs.scba.gov.ar\/camaracivil2laplata\/wp-json\/wp\/v2\/posts\/2316\/revisions"}],"wp:attachment":[{"href":"https:\/\/blogs.scba.gov.ar\/camaracivil2laplata\/wp-json\/wp\/v2\/media?parent=2316"}],"wp:term":[{"taxonomy":"category","embeddable":true,"href":"https:\/\/blogs.scba.gov.ar\/camaracivil2laplata\/wp-json\/wp\/v2\/categories?post=2316"},{"taxonomy":"post_tag","embeddable":true,"href":"https:\/\/blogs.scba.gov.ar\/camaracivil2laplata\/wp-json\/wp\/v2\/tags?post=2316"}],"curies":[{"name":"wp","href":"https:\/\/api.w.org\/{rel}","templated":true}]}}